{"id":25409,"date":"2025-06-10T06:29:39","date_gmt":"2025-06-10T09:29:39","guid":{"rendered":"https:\/\/jm-metropole.com.br\/site\/?p=25409"},"modified":"2025-06-10T06:29:39","modified_gmt":"2025-06-10T09:29:39","slug":"prefeitura-inicia-entrega-de-oculos-do-programa-menina-dos-olhos-em-escola-da-regiao-do-cabucu","status":"publish","type":"post","link":"https:\/\/jm-metropole.com.br\/site\/prefeitura-inicia-entrega-de-oculos-do-programa-menina-dos-olhos-em-escola-da-regiao-do-cabucu\/","title":{"rendered":"Prefeitura inicia entrega de \u00f3culos do Programa Menina dos Olhos em escola da regi\u00e3o do Cabu\u00e7u"},"content":{"rendered":"<p>A Prefeitura de Guarulhos deu in\u00edcio \u00e0 entrega de \u00f3culos do Programa Menina dos Olhos a alunos da educa\u00e7\u00e3o infantil e ensino fundamental da EPG Patr\u00edcia Galv\u00e3o, Pagu, regi\u00e3o do Cabu\u00e7u, na manh\u00e3 desta segunda-feira (9). A entrega dos \u00f3culos aos estudantes da rede municipal \u00e9 uma das 14 a\u00e7\u00f5es que integram o Programa Sa\u00fade na Escola (PSE), pol\u00edtica intersetorial das secretarias de Educa\u00e7\u00e3o e de Sa\u00fade para a promo\u00e7\u00e3o da sa\u00fade de crian\u00e7as, jovens e adultos da educa\u00e7\u00e3o p\u00fablica.<\/p>\n<p>&#8220;A entrega dos \u00f3culos para os alunos das escolas da rede municipal enfatiza o compromisso da gest\u00e3o com a garantia de direitos \u00e0 aprendizagem dos estudantes, uma resposta r\u00e1pida e eficiente para as demandas dos nossos educandos que, agora com os \u00f3culos, v\u00e3o poder aprender e se desenvolver plenamente&#8221;, destacou o secret\u00e1rio de Educa\u00e7\u00e3o, Silvio Rodrigues, que acompanhou a entrega no per\u00edodo da manh\u00e3.<\/p>\n<p>O cronograma de testagens e entregas seguem at\u00e9 outubro, em nove polos de atendimento espalhados pela cidade. Ao todo, o Menina dos Olhos atende mais de 12 mil estudantes da rede municipal durante todo o ano letivo, seguindo o cronograma dos polos de atendimento, que incluem escolas e CEUs.<\/p>\n<p>O chefe de restaurante Fabr\u00edcio Matos, pai da aluna Emanuelly Ebiana, de 6 anos, retirou na unidade escolar os \u00f3culos que a filha escolheu. &#8220;Descobrimos que ela precisava usar os \u00f3culos com o teste de acuidade feito aqui na escola. Ela ficou muito feliz por ter escolhido o modelo e est\u00e1 ansiosa em receber para come\u00e7ar a usar. Fico muito satisfeito com essa iniciativa da Prefeitura de Guarulhos\u201d, disse o pai.<\/p>\n<p>Na EPG Pagu, foram 211 consultas agendadas e um total de 121 atendimentos e indica\u00e7\u00f5es para a confec\u00e7\u00e3o de 52 \u00f3culos.<\/p>\n<p>Foto: Gezer Amorim\/PMG<\/p>\n","protected":false},"excerpt":{"rendered":"<p>A Prefeitura de Guarulhos deu in\u00edcio \u00e0 entrega de \u00f3culos do Programa Menina dos Olhos a alunos da educa\u00e7\u00e3o infantil e ensino fundamental da EPG Patr\u00edcia Galv\u00e3o, Pagu, regi\u00e3o do Cabu\u00e7u, na manh\u00e3 desta segunda-feira (9). A entrega dos \u00f3culos aos estudantes da rede municipal \u00e9 uma das 14 a\u00e7\u00f5es que integram o Programa Sa\u00fade [&hellip;]<\/p>\n","protected":false},"author":1,"featured_media":25410,"comment_status":"open","ping_status":"open","sticky":false,"template":"","format":"standard","meta":{"footnotes":""},"categories":[3],"tags":[],"class_list":{"0":"post-25409","1":"post","2":"type-post","3":"status-publish","4":"format-standard","5":"has-post-thumbnail","7":"category-guarulhos"},"_links":{"self":[{"href":"https:\/\/jm-metropole.com.br\/site\/wp-json\/wp\/v2\/posts\/25409","targetHints":{"allow":["GET"]}}],"collection":[{"href":"https:\/\/jm-metropole.com.br\/site\/wp-json\/wp\/v2\/posts"}],"about":[{"href":"https:\/\/jm-metropole.com.br\/site\/wp-json\/wp\/v2\/types\/post"}],"author":[{"embeddable":true,"href":"https:\/\/jm-metropole.com.br\/site\/wp-json\/wp\/v2\/users\/1"}],"replies":[{"embeddable":true,"href":"https:\/\/jm-metropole.com.br\/site\/wp-json\/wp\/v2\/comments?post=25409"}],"version-history":[{"count":1,"href":"https:\/\/jm-metropole.com.br\/site\/wp-json\/wp\/v2\/posts\/25409\/revisions"}],"predecessor-version":[{"id":25411,"href":"https:\/\/jm-metropole.com.br\/site\/wp-json\/wp\/v2\/posts\/25409\/revisions\/25411"}],"wp:featuredmedia":[{"embeddable":true,"href":"https:\/\/jm-metropole.com.br\/site\/wp-json\/wp\/v2\/media\/25410"}],"wp:attachment":[{"href":"https:\/\/jm-metropole.com.br\/site\/wp-json\/wp\/v2\/media?parent=25409"}],"wp:term":[{"taxonomy":"category","embeddable":true,"href":"https:\/\/jm-metropole.com.br\/site\/wp-json\/wp\/v2\/categories?post=25409"},{"taxonomy":"post_tag","embeddable":true,"href":"https:\/\/jm-metropole.com.br\/site\/wp-json\/wp\/v2\/tags?post=25409"}],"curies":[{"name":"wp","href":"https:\/\/api.w.org\/{rel}","templated":true}]}}