{"id":25394,"date":"2025-06-09T17:08:32","date_gmt":"2025-06-09T20:08:32","guid":{"rendered":"https:\/\/jm-metropole.com.br\/site\/?p=25394"},"modified":"2025-06-09T17:08:32","modified_gmt":"2025-06-09T20:08:32","slug":"aruja-encerra-mais-um-fim-de-semana-da-festa-das-nacoes-com-danca-tradicao-e-musica-local","status":"publish","type":"post","link":"https:\/\/jm-metropole.com.br\/site\/aruja-encerra-mais-um-fim-de-semana-da-festa-das-nacoes-com-danca-tradicao-e-musica-local\/","title":{"rendered":"ARUJ\u00c1 ENCERRA MAIS UM FIM DE SEMANA DA FESTA DAS NA\u00c7\u00d5ES COM DAN\u00c7A, TRADI\u00c7\u00c3O E M\u00daSICA LOCAL"},"content":{"rendered":"<p>A Festa das Na\u00e7\u00f5es 2025 celebrou mais um fim de semana de programa\u00e7\u00e3o no \u00faltimo domingo (8), na Pra\u00e7a do Coreto, em Aruj\u00e1, com apresenta\u00e7\u00f5es de dan\u00e7a da Escola Livre de Dan\u00e7a, espet\u00e1culo do ballet do Polo Barreto e da Esta\u00e7\u00e3o Cidadania, show de encerramento da turn\u00ea paulistana da banda Canto da Mata e comemora\u00e7\u00e3o dos 25 anos de carreira da dupla Marcos e Bueno.<\/p>\n<p>Dan\u00e7arinos de diferentes idades apresentaram uma sequ\u00eancia de ritmos, incluindo samba rock, sertanejo e dan\u00e7a voltada ao p\u00fablico idoso, sob coordena\u00e7\u00e3o da Escola Livre de Dan\u00e7a. Na sequ\u00eancia, o ballet do Centro de Viv\u00eancias Culturais do Polo Parque Rodrigo Barreto e da Esta\u00e7\u00e3o Cidadania, do Jd. Cerejeiras, com 108 crian\u00e7as, apresentou coreografias com o tema \u201cViva a Am\u00e9rica Latina\u201d, trazendo ao palco elementos de diferentes culturas do continente.<\/p>\n<p>A banda Canto da Mata encerrou sua turn\u00ea em S\u00e3o Paulo na festa de Aruj\u00e1, trazendo ao palco o frescor de sua m\u00fasica inspirada na cultura folcl\u00f3rica amaz\u00f4nica. O grupo, considerado um dos expoentes no g\u00eanero, refor\u00e7ou a identidade da cidade como \u201ca capital paulista dos Parintins\u201d, transmitindo ao p\u00fablico a atmosfera de celebra\u00e7\u00e3o t\u00edpica do festival amazonense.<\/p>\n<p>Para encerrar a noite, a dupla Marcos e Bueno subiu ao palco em comemora\u00e7\u00e3o aos 25 anos de carreira. O show percorreu m\u00fasicas que marcaram sua trajet\u00f3ria, em uma apresenta\u00e7\u00e3o celebrativa que reuniu diferentes fases da dupla.<\/p>\n<p>A programa\u00e7\u00e3o musical retorna \u00e0 Pra\u00e7a do Coreto na quinta-feira (12), a partir das 18h. Nos dias que antecedem os pr\u00f3ximos shows, o espa\u00e7o segue movimentado com o funcionamento das barracas gastron\u00f4micas e do parque de divers\u00f5es. Os hor\u00e1rios de abertura variam conforme cada expositor, com algumas estruturas iniciando as atividades no hor\u00e1rio do almo\u00e7o e outras ao longo da tarde.<\/p>\n","protected":false},"excerpt":{"rendered":"<p>A Festa das Na\u00e7\u00f5es 2025 celebrou mais um fim de semana de programa\u00e7\u00e3o no \u00faltimo domingo (8), na Pra\u00e7a do Coreto, em Aruj\u00e1, com apresenta\u00e7\u00f5es de dan\u00e7a da Escola Livre de Dan\u00e7a, espet\u00e1culo do ballet do Polo Barreto e da Esta\u00e7\u00e3o Cidadania, show de encerramento da turn\u00ea paulistana da banda Canto da Mata e comemora\u00e7\u00e3o [&hellip;]<\/p>\n","protected":false},"author":1,"featured_media":25395,"comment_status":"open","ping_status":"open","sticky":false,"template":"","format":"standard","meta":{"footnotes":""},"categories":[4],"tags":[],"class_list":{"0":"post-25394","1":"post","2":"type-post","3":"status-publish","4":"format-standard","5":"has-post-thumbnail","7":"category-aruja"},"_links":{"self":[{"href":"https:\/\/jm-metropole.com.br\/site\/wp-json\/wp\/v2\/posts\/25394","targetHints":{"allow":["GET"]}}],"collection":[{"href":"https:\/\/jm-metropole.com.br\/site\/wp-json\/wp\/v2\/posts"}],"about":[{"href":"https:\/\/jm-metropole.com.br\/site\/wp-json\/wp\/v2\/types\/post"}],"author":[{"embeddable":true,"href":"https:\/\/jm-metropole.com.br\/site\/wp-json\/wp\/v2\/users\/1"}],"replies":[{"embeddable":true,"href":"https:\/\/jm-metropole.com.br\/site\/wp-json\/wp\/v2\/comments?post=25394"}],"version-history":[{"count":1,"href":"https:\/\/jm-metropole.com.br\/site\/wp-json\/wp\/v2\/posts\/25394\/revisions"}],"predecessor-version":[{"id":25396,"href":"https:\/\/jm-metropole.com.br\/site\/wp-json\/wp\/v2\/posts\/25394\/revisions\/25396"}],"wp:featuredmedia":[{"embeddable":true,"href":"https:\/\/jm-metropole.com.br\/site\/wp-json\/wp\/v2\/media\/25395"}],"wp:attachment":[{"href":"https:\/\/jm-metropole.com.br\/site\/wp-json\/wp\/v2\/media?parent=25394"}],"wp:term":[{"taxonomy":"category","embeddable":true,"href":"https:\/\/jm-metropole.com.br\/site\/wp-json\/wp\/v2\/categories?post=25394"},{"taxonomy":"post_tag","embeddable":true,"href":"https:\/\/jm-metropole.com.br\/site\/wp-json\/wp\/v2\/tags?post=25394"}],"curies":[{"name":"wp","href":"https:\/\/api.w.org\/{rel}","templated":true}]}}