{"id":25388,"date":"2025-06-09T13:34:36","date_gmt":"2025-06-09T16:34:36","guid":{"rendered":"https:\/\/jm-metropole.com.br\/site\/?p=25388"},"modified":"2025-06-09T13:34:36","modified_gmt":"2025-06-09T16:34:36","slug":"procon-nos-bairros-atendera-populacao-do-taboao-na-quinta-feira","status":"publish","type":"post","link":"https:\/\/jm-metropole.com.br\/site\/procon-nos-bairros-atendera-populacao-do-taboao-na-quinta-feira\/","title":{"rendered":"Procon nos Bairros atender\u00e1 popula\u00e7\u00e3o do Tabo\u00e3o na quinta-feira"},"content":{"rendered":"<p>Na quinta-feira (12) a unidade m\u00f3vel do Procon Guarulhos atender\u00e1 os moradores do Tabo\u00e3o em frente \u00e0 EPG Benedito Vicente de Oliveira (rua Joaquim de Jesus, s\/n\u00ba), das 10h \u00e0s 16h. Trata-se do projeto Procon nos Bairros desenvolvido pela Coordenadoria de Prote\u00e7\u00e3o e Defesa do Consumidor que disponibiliza semanalmente a uma localidade diferente os mesmos servi\u00e7os executados nas tr\u00eas ag\u00eancias do Procon.<\/p>\n<p>No ve\u00edculo o consumidor poder\u00e1 abrir reclama\u00e7\u00f5es, obter esclarecimentos, informa\u00e7\u00f5es e solicitar o desbloqueio da Nota Fiscal Paulista. Agentes do Procon Guarulhos ir\u00e3o orientar e verificar reclama\u00e7\u00f5es da popula\u00e7\u00e3o sobre estabelecimentos comerciais que desrespeitam a lei federal n\u00ba 8.078\/1990 (C\u00f3digo de Prote\u00e7\u00e3o e Defesa do Consumidor).<\/p>\n<p>Atendimentos<\/p>\n<p>Os atendimentos presenciais ocorrem de segunda a sexta-feira, das 8h \u00e0s 16h, nas seguintes unidades:<br \/>\nProcon Central: rua Sete de Setembro, 164, Centro<br \/>\nProcon S\u00e3o Jo\u00e3o: rua Mesquita, 161, Jardim S\u00e3o Jo\u00e3o. Telefone: 2408-4315<br \/>\nProcon Pimentas: estrada do Cap\u00e3o Bonito, 53, Conjunto Marcos Freire (pr\u00e9dio do CIC). Telefone: 3202-1312<\/p>\n<p>Imagem: Diego Fr\u00f3is \/ PMG<\/p>\n","protected":false},"excerpt":{"rendered":"<p>Na quinta-feira (12) a unidade m\u00f3vel do Procon Guarulhos atender\u00e1 os moradores do Tabo\u00e3o em frente \u00e0 EPG Benedito Vicente de Oliveira (rua Joaquim de Jesus, s\/n\u00ba), das 10h \u00e0s 16h. Trata-se do projeto Procon nos Bairros desenvolvido pela Coordenadoria de Prote\u00e7\u00e3o e Defesa do Consumidor que disponibiliza semanalmente a uma localidade diferente os mesmos [&hellip;]<\/p>\n","protected":false},"author":1,"featured_media":25389,"comment_status":"open","ping_status":"open","sticky":false,"template":"","format":"standard","meta":{"footnotes":""},"categories":[3],"tags":[],"class_list":{"0":"post-25388","1":"post","2":"type-post","3":"status-publish","4":"format-standard","5":"has-post-thumbnail","7":"category-guarulhos"},"_links":{"self":[{"href":"https:\/\/jm-metropole.com.br\/site\/wp-json\/wp\/v2\/posts\/25388","targetHints":{"allow":["GET"]}}],"collection":[{"href":"https:\/\/jm-metropole.com.br\/site\/wp-json\/wp\/v2\/posts"}],"about":[{"href":"https:\/\/jm-metropole.com.br\/site\/wp-json\/wp\/v2\/types\/post"}],"author":[{"embeddable":true,"href":"https:\/\/jm-metropole.com.br\/site\/wp-json\/wp\/v2\/users\/1"}],"replies":[{"embeddable":true,"href":"https:\/\/jm-metropole.com.br\/site\/wp-json\/wp\/v2\/comments?post=25388"}],"version-history":[{"count":1,"href":"https:\/\/jm-metropole.com.br\/site\/wp-json\/wp\/v2\/posts\/25388\/revisions"}],"predecessor-version":[{"id":25390,"href":"https:\/\/jm-metropole.com.br\/site\/wp-json\/wp\/v2\/posts\/25388\/revisions\/25390"}],"wp:featuredmedia":[{"embeddable":true,"href":"https:\/\/jm-metropole.com.br\/site\/wp-json\/wp\/v2\/media\/25389"}],"wp:attachment":[{"href":"https:\/\/jm-metropole.com.br\/site\/wp-json\/wp\/v2\/media?parent=25388"}],"wp:term":[{"taxonomy":"category","embeddable":true,"href":"https:\/\/jm-metropole.com.br\/site\/wp-json\/wp\/v2\/categories?post=25388"},{"taxonomy":"post_tag","embeddable":true,"href":"https:\/\/jm-metropole.com.br\/site\/wp-json\/wp\/v2\/tags?post=25388"}],"curies":[{"name":"wp","href":"https:\/\/api.w.org\/{rel}","templated":true}]}}