{"id":25379,"date":"2025-06-09T10:07:44","date_gmt":"2025-06-09T13:07:44","guid":{"rendered":"https:\/\/jm-metropole.com.br\/site\/?p=25379"},"modified":"2025-06-09T10:07:44","modified_gmt":"2025-06-09T13:07:44","slug":"clau-camargo-busca-apoio-da-alesp-para-fortalecimento-das-politicas-publicas-para-mulheres-no-alto-tiete","status":"publish","type":"post","link":"https:\/\/jm-metropole.com.br\/site\/clau-camargo-busca-apoio-da-alesp-para-fortalecimento-das-politicas-publicas-para-mulheres-no-alto-tiete\/","title":{"rendered":"Clau Camargo busca apoio da Alesp para fortalecimento das pol\u00edticas p\u00fablicas para mulheres no Alto Tiet\u00ea"},"content":{"rendered":"<p>Coordenadora da C\u00e2mara T\u00e9cnica do Condemat+ esteve com o presidente Andr\u00e9 do Prado para tratar de agendas estrat\u00e9gicas com o Governo do Estado<\/p>\n<p>A coordenadora da C\u00e2mara T\u00e9cnica de Pol\u00edticas P\u00fablicas para Mulheres do Condemat+ (Cons\u00f3rcio de Desenvolvimento dos Munic\u00edpios do Alto Tiet\u00ea), Clau Camargo, esteve neste domingo (8) com o presidente da Assembleia Legislativa de S\u00e3o Paulo (Alesp), deputado estadual Andr\u00e9 do Prado, durante a cerim\u00f4nia c\u00edvica em comemora\u00e7\u00e3o aos 173 anos de Aruj\u00e1. Na ocasi\u00e3o, Clau apresentou demandas da regi\u00e3o e solicitou apoio para intermedia\u00e7\u00e3o de agendas com o Governo do Estado.<\/p>\n<p>As pautas fazem parte das prioridades da C\u00e2mara T\u00e9cnica, que atua de forma articulada com a Frente Parlamentar Feminina do Alto Tiet\u00ea, composta por 26 vereadoras dos munic\u00edpios consorciados e presidida pela vereadora e presidente da C\u00e2mara Municipal de Aruj\u00e1, Professora Cris, que tem como membro a Delegada da Delegacia da Mulher de Aruj\u00e1, Dra. Regina Campanelli.<\/p>\n<p>Entre os pleitos levados \u00e0 Alesp est\u00e3o o agendamento de uma audi\u00eancia com o secret\u00e1rio estadual de Seguran\u00e7a P\u00fablica, Guilherme Derrite, para discutir a padroniza\u00e7\u00e3o do atendimento \u00e0s mulheres v\u00edtimas de viol\u00eancia dom\u00e9sticas, especialmente nas cidades onde ainda n\u00e3o h\u00e1 Delegacia da Mulher (DDM) e uma reuni\u00e3o com a secret\u00e1ria estadual de Desenvolvimento Social, Andrezza Rosal\u00e9m, para tratar do cofinanciamento e amplia\u00e7\u00e3o do servi\u00e7o da Casa Abrigo na regi\u00e3o, al\u00e9m da destina\u00e7\u00e3o de recursos para o aluguel social voltado \u00e0s v\u00edtimas de viol\u00eancia.<\/p>\n<p>\u201cS\u00e3o pautas urgentes, que precisam de articula\u00e7\u00e3o entre os munic\u00edpios e o Estado. Precisamos garantir acolhimento, prote\u00e7\u00e3o e, sobretudo, caminhos para que essas mulheres reescrevam suas hist\u00f3rias com seguran\u00e7a e dignidade. Contar com o apoio da Alesp e do presidente Andr\u00e9 do Prado \u00e9 essencial para que possamos avan\u00e7ar\u201d, afirmou Clau Camargo.<\/p>\n<p>Recriada em mar\u00e7o deste ano, a C\u00e2mara T\u00e9cnica de Pol\u00edticas P\u00fablicas para Mulheres re\u00fane representantes dos 14 munic\u00edpios do Condemat+ e tem como miss\u00e3o promover o di\u00e1logo regional, propor solu\u00e7\u00f5es conjuntas e impulsionar pol\u00edticas p\u00fablicas efetivas de promo\u00e7\u00e3o dos direitos das mulheres.<\/p>\n","protected":false},"excerpt":{"rendered":"<p>Coordenadora da C\u00e2mara T\u00e9cnica do Condemat+ esteve com o presidente Andr\u00e9 do Prado para tratar de agendas estrat\u00e9gicas com o Governo do Estado A coordenadora da C\u00e2mara T\u00e9cnica de Pol\u00edticas P\u00fablicas para Mulheres do Condemat+ (Cons\u00f3rcio de Desenvolvimento dos Munic\u00edpios do Alto Tiet\u00ea), Clau Camargo, esteve neste domingo (8) com o presidente da Assembleia Legislativa [&hellip;]<\/p>\n","protected":false},"author":1,"featured_media":25380,"comment_status":"open","ping_status":"open","sticky":false,"template":"","format":"standard","meta":{"footnotes":""},"categories":[4],"tags":[],"class_list":{"0":"post-25379","1":"post","2":"type-post","3":"status-publish","4":"format-standard","5":"has-post-thumbnail","7":"category-aruja"},"_links":{"self":[{"href":"https:\/\/jm-metropole.com.br\/site\/wp-json\/wp\/v2\/posts\/25379","targetHints":{"allow":["GET"]}}],"collection":[{"href":"https:\/\/jm-metropole.com.br\/site\/wp-json\/wp\/v2\/posts"}],"about":[{"href":"https:\/\/jm-metropole.com.br\/site\/wp-json\/wp\/v2\/types\/post"}],"author":[{"embeddable":true,"href":"https:\/\/jm-metropole.com.br\/site\/wp-json\/wp\/v2\/users\/1"}],"replies":[{"embeddable":true,"href":"https:\/\/jm-metropole.com.br\/site\/wp-json\/wp\/v2\/comments?post=25379"}],"version-history":[{"count":1,"href":"https:\/\/jm-metropole.com.br\/site\/wp-json\/wp\/v2\/posts\/25379\/revisions"}],"predecessor-version":[{"id":25381,"href":"https:\/\/jm-metropole.com.br\/site\/wp-json\/wp\/v2\/posts\/25379\/revisions\/25381"}],"wp:featuredmedia":[{"embeddable":true,"href":"https:\/\/jm-metropole.com.br\/site\/wp-json\/wp\/v2\/media\/25380"}],"wp:attachment":[{"href":"https:\/\/jm-metropole.com.br\/site\/wp-json\/wp\/v2\/media?parent=25379"}],"wp:term":[{"taxonomy":"category","embeddable":true,"href":"https:\/\/jm-metropole.com.br\/site\/wp-json\/wp\/v2\/categories?post=25379"},{"taxonomy":"post_tag","embeddable":true,"href":"https:\/\/jm-metropole.com.br\/site\/wp-json\/wp\/v2\/tags?post=25379"}],"curies":[{"name":"wp","href":"https:\/\/api.w.org\/{rel}","templated":true}]}}