{"id":25376,"date":"2025-06-09T10:06:38","date_gmt":"2025-06-09T13:06:38","guid":{"rendered":"https:\/\/jm-metropole.com.br\/site\/?p=25376"},"modified":"2025-06-09T10:06:38","modified_gmt":"2025-06-09T13:06:38","slug":"ato-civico-em-aruja-marca-celebracao-de-aniversario-e-era-de-conquistas-na-cidade","status":"publish","type":"post","link":"https:\/\/jm-metropole.com.br\/site\/ato-civico-em-aruja-marca-celebracao-de-aniversario-e-era-de-conquistas-na-cidade\/","title":{"rendered":"Ato C\u00edvico em Aruj\u00e1 marca celebra\u00e7\u00e3o de anivers\u00e1rio e era de conquistas na cidade"},"content":{"rendered":"<p>O domingo come\u00e7ou chuvoso em Aruj\u00e1, mas bem na hora do in\u00edcio do Ato C\u00edvico pelos 173 anos da cidade, comemorados exatamente neste 8 de junho, o sol \u201cabriu\u201d para alegria dos participantes. A Pra\u00e7a \u201cBenedito Ferreira Franco\u201d, a Pra\u00e7a do Coreto, no Centro, perto da Prefeitura, foi o palco do evento, que reuniu autoridades, jovens e a popula\u00e7\u00e3o em geral, que prestigiou a tradicional celebra\u00e7\u00e3o no munic\u00edpio.<\/p>\n<p>O mestre de Cerim\u00f4nias, Jo\u00e3o Batista, fez as honras do momento especial, que foi traduzido em libras por Ana Maria Machado. Deram um show \u00e0 parte, abrilhantando a ocasi\u00e3o, a 2\u00aa Princesa Isabel Cardoso, a Miss Simpatia Ana Beatriz e a Miss Aruj\u00e1 2025 Let\u00edcia Ribeiro, al\u00e9m da Elite C\u00edvica da Guarda Mirim de Aruj\u00e1, coordenada pela subtenente Patr\u00edcia, a Fanfarra Municipal e o Clube de Desbravadores JASPE.<\/p>\n<p>Com toda a seguran\u00e7a e os agentes da Defesa Civil, Guarda Civil Municipal (GCM), Pol\u00edcia Militar e Pol\u00edcia Civil, representada pela delegada da Delegacia de Defesa da Mulher (DDM) Regina Campanelli, o evento transcorreu com tranquilidade e clima de festa, come\u00e7ando pelo Hino Nacional e, na sequ\u00eancia, o Hino de Aruj\u00e1. Ap\u00f3s, houve o discurso das autoridades.<\/p>\n<p>O prefeito Luis Camargo, o Dr Camargo, acompanhado da primeira-dama e presidente do Fundo Social de Solidariedade, Clau Camargo, enfatizou em seu pronunciamento que, agora, Aruj\u00e1 est\u00e1 definitivamente inserida no mapa. \u201cA Prefeitura e a C\u00e2mara Municipal trabalham em uni\u00e3o de prop\u00f3sito, em um governo de coaliz\u00e3o, buscando sempre o que \u00e9 melhor para a cidade. E assim tamb\u00e9m tem sido quando buscamos o apoio dos Governos Federal e Estadual, porque ningu\u00e9m faz nada sozinho. Hoje quando dizemos que moramos em Aruj\u00e1, as pessoas n\u00e3o confundem mais achando que \u00e9 Guaruj\u00e1. Felizmente, agora nossa cidade tem seu lugar no mapa e temos, de verdade, motivos para comemorar. Est\u00e1 a\u00ed a terceira laje do hospital em constru\u00e7\u00e3o, o Pr\u00f3-Crian\u00e7a constru\u00eddo, a UTI Neonatal feita, os dois parques municipais (o terceiro, no Jardim Real, vamos entregar daqui a alguns dias), o Pr\u00f3-Mulher que est\u00e1 saindo do papel, enfim, teremos tamb\u00e9m no ano que vem, nos 174 anos, muitos mais motivos para comemorar\u201d, enumerou o chefe do Executivo Municipal.<\/p>\n<p>Clau Camargo, primeira-dama, tamb\u00e9m deixou sua mensagem de anivers\u00e1rio a Aruj\u00e1. \u201cAgrade\u00e7o a todos os representantes dos governos aqui presentes, \u00e0 popula\u00e7\u00e3o e tamb\u00e9m a todos os servidores p\u00fablicos, incluindo o meu time do Fundo Social, que todos os dias trabalham, incansavelmente, para fazer com que a cidade cres\u00e7a e continue evoluindo. Que Deus aben\u00e7oe ricamente a nossa cidade e o povo arujaense, que \u00e9 muito trabalhador, acolhedor e solid\u00e1rio. Gratid\u00e3o a cada um de voc\u00eas\u201d, expressou.<\/p>\n<p>A presidente da C\u00e2mara, Professora Cris, foi breve em seu discurso, parabenizando Aruj\u00e1 e ressaltando a parceria e harmonia entre o Executivo e o Legislativo. \u201cS\u00e3o 173 anos da nossa cidade e, de nossa parte, de muito trabalho, todos os dias, ao lado do prefeito, para que o progresso aconte\u00e7a\u201d, destacou.<br \/>\nA cerim\u00f4nia teve a participa\u00e7\u00e3o do presidente da Assembleia Legislativa do Estado de S\u00e3o Paulo, Andr\u00e9 do Prado, que disse nutrir um carinho especial por Aruj\u00e1 e estar \u00e0 disposi\u00e7\u00e3o para auxiliar a gest\u00e3o municipal no que for preciso para melhorar a vida dos cidad\u00e3os arujaenses. \u201cEssa cidade \u00e9 um orgulho para nosso Estado e regi\u00e3o e fiz quest\u00e3o de estar aqui hoje. O prefeito Camargo foi reconduzido para o cargo por mais quatro anos e obteve 94% dos votos v\u00e1lidos e isso \u00e9 para poucos, demonstrando que ele, ao lado da primeira-dama, dos vereadores e do secretariado, est\u00e1 no caminho certo, porque isso \u00e9 trabalho e dedica\u00e7\u00e3o. Fa\u00e7o parte dessa hist\u00f3ria, porque Aruj\u00e1 foi uma das cidades que foram fundamentais desde o meu primeiro mandato e, por isso, tenho uma responsabilidade com o desenvolvimento do munic\u00edpio. Inclusive, me considero cidad\u00e3o arujaense, com t\u00edtulo outorgado pela C\u00e2mara Municipal\u201d, recordou.<\/p>\n<p>J\u00e1 o deputado federal Saulo Pedroso foi econ\u00f4mico, mas tamb\u00e9m certeiro nas palavras, ao dizer que: \u201c173 anos n\u00e3o s\u00e3o 173 dias, nem 173 meses e \u00e9 importante enaltecermos o povo de Aruj\u00e1 e todos aqueles que contribu\u00edram com a constru\u00e7\u00e3o dessa cidade\u201d, afirmou, colocando-se tamb\u00e9m \u00e0 disposi\u00e7\u00e3o para contribuir com o munic\u00edpio.<\/p>\n<p>Estiveram presentes ainda \u00e0 solenidade o vice-prefeito Rodolfo Machado e esposa Larissa Moya, a assessoria parlamentar representando a deputada estadual Ana Carolina Serra, o diretor geral da Prefeitura, Marcos Regueiro, os secret\u00e1rios municipais de Governo Abelzinho, secret\u00e1rio de Gabinete Vin\u00edcius Dornelas de Educa\u00e7\u00e3o Professor Aldo, de Seguran\u00e7a Washington Adami, de Sa\u00fade Leonardo Reis, de Comunica\u00e7\u00e3o Rodrigo Tritapepe, de Obras Souz\u00e3o, de Planejamento Marco Valdanha, de Desenvolvimento Econ\u00f4mico Jos\u00e9 Carlos Santos, de Habita\u00e7\u00e3o Vin\u00edcius Pateta, de Assist\u00eancia Social Juliana Daniel e a diretora da Diretoria da Pessoa com Defici\u00eancia (PCD), Hadassa Machado. Da C\u00e2mara, al\u00e9m da presidente Cris, prestigiaram a ocasi\u00e3o os vereadores Divinei da Silva, Professor Danilo, Juvenildo Barboza, Ana do Esporte, Luciano Lima, Leandro Larini, Tiago Urs\u00e3o, Pastor Samoel Maia e Pastor Mois\u00e9s Chocolate.<\/p>\n","protected":false},"excerpt":{"rendered":"<p>O domingo come\u00e7ou chuvoso em Aruj\u00e1, mas bem na hora do in\u00edcio do Ato C\u00edvico pelos 173 anos da cidade, comemorados exatamente neste 8 de junho, o sol \u201cabriu\u201d para alegria dos participantes. A Pra\u00e7a \u201cBenedito Ferreira Franco\u201d, a Pra\u00e7a do Coreto, no Centro, perto da Prefeitura, foi o palco do evento, que reuniu autoridades, [&hellip;]<\/p>\n","protected":false},"author":1,"featured_media":25377,"comment_status":"open","ping_status":"open","sticky":false,"template":"","format":"standard","meta":{"footnotes":""},"categories":[4],"tags":[],"class_list":{"0":"post-25376","1":"post","2":"type-post","3":"status-publish","4":"format-standard","5":"has-post-thumbnail","7":"category-aruja"},"_links":{"self":[{"href":"https:\/\/jm-metropole.com.br\/site\/wp-json\/wp\/v2\/posts\/25376","targetHints":{"allow":["GET"]}}],"collection":[{"href":"https:\/\/jm-metropole.com.br\/site\/wp-json\/wp\/v2\/posts"}],"about":[{"href":"https:\/\/jm-metropole.com.br\/site\/wp-json\/wp\/v2\/types\/post"}],"author":[{"embeddable":true,"href":"https:\/\/jm-metropole.com.br\/site\/wp-json\/wp\/v2\/users\/1"}],"replies":[{"embeddable":true,"href":"https:\/\/jm-metropole.com.br\/site\/wp-json\/wp\/v2\/comments?post=25376"}],"version-history":[{"count":1,"href":"https:\/\/jm-metropole.com.br\/site\/wp-json\/wp\/v2\/posts\/25376\/revisions"}],"predecessor-version":[{"id":25378,"href":"https:\/\/jm-metropole.com.br\/site\/wp-json\/wp\/v2\/posts\/25376\/revisions\/25378"}],"wp:featuredmedia":[{"embeddable":true,"href":"https:\/\/jm-metropole.com.br\/site\/wp-json\/wp\/v2\/media\/25377"}],"wp:attachment":[{"href":"https:\/\/jm-metropole.com.br\/site\/wp-json\/wp\/v2\/media?parent=25376"}],"wp:term":[{"taxonomy":"category","embeddable":true,"href":"https:\/\/jm-metropole.com.br\/site\/wp-json\/wp\/v2\/categories?post=25376"},{"taxonomy":"post_tag","embeddable":true,"href":"https:\/\/jm-metropole.com.br\/site\/wp-json\/wp\/v2\/tags?post=25376"}],"curies":[{"name":"wp","href":"https:\/\/api.w.org\/{rel}","templated":true}]}}