{"id":25373,"date":"2025-06-09T07:00:36","date_gmt":"2025-06-09T10:00:36","guid":{"rendered":"https:\/\/jm-metropole.com.br\/site\/?p=25373"},"modified":"2025-06-09T07:00:36","modified_gmt":"2025-06-09T10:00:36","slug":"gripe-sao-paulo-inicia-vacinacao-em-estacoes-e-terminais-na-segunda","status":"publish","type":"post","link":"https:\/\/jm-metropole.com.br\/site\/gripe-sao-paulo-inicia-vacinacao-em-estacoes-e-terminais-na-segunda\/","title":{"rendered":"Gripe: S\u00e3o Paulo inicia vacina\u00e7\u00e3o em esta\u00e7\u00f5es e terminais na segunda"},"content":{"rendered":"<div class=\"header-noticia full-width\">\n<div class=\"linha-fina-noticia\">Doses s\u00e3o destinadas a toda a\u00a0popula\u00e7\u00e3o acima de 6 meses de idade<\/div>\n<\/div>\n<div class=\"container-autoria\"><\/div>\n<div>\n<p>A prefeitura da capital paulista ir\u00e1 disponibilizar, para toda a popula\u00e7\u00e3o acima de 6 meses de idade, a partir desta segunda-feira (9), a vacina contra a gripe (v\u00edrus\u00a0<em>Influenza<\/em>) em esta\u00e7\u00f5es do transporte p\u00fablico na cidade.\u00a0<strong>O imunizante j\u00e1 est\u00e1 dispon\u00edvel<a href=\"https:\/\/agenciabrasil.ebc.com.br\/saude\/noticia\/2025-05\/gripe-cidade-de-sp-amplia-vacinacao-para-populacao-acima-de-6-meses\" target=\"_blank\" rel=\"noopener\">\u00a0para toda a popula\u00e7\u00e3o, a partir dos 6 meses de idade, desde 19 de maio,<\/a>\u00a0nos postos de vacina\u00e7\u00e3o do munic\u00edpio.<\/strong><img decoding=\"async\" src=\"https:\/\/agenciabrasil.ebc.com.br\/ebc.png?id=1645950&amp;o=node\" \/><img decoding=\"async\" src=\"https:\/\/agenciabrasil.ebc.com.br\/ebc.gif?id=1645950&amp;o=node\" \/><\/p>\n<p>Confira os novos locais de vacina\u00e7\u00e3o contra a gripe na capital paulista:<\/p>\n<ul>\n<li><strong>Esta\u00e7\u00e3o Luz &#8211; CPTM:\u00a0<\/strong>das 8h30 \u00e0s 17h<\/li>\n<li><strong>Esta\u00e7\u00e3o Engenheiro Goulart &#8211; CPTM<\/strong>: das 8h30 \u00e0s 17h<\/li>\n<li><strong>Esta\u00e7\u00e3o S\u00e3o Miguel &#8211; CPTM:<\/strong>\u00a0das 8h30 \u00e0s 17h<\/li>\n<li><strong>Esta\u00e7\u00e3o Itaim Paulista &#8211; CPTM:<\/strong>\u00a0das 8h30 \u00e0s 17h<\/li>\n<li><strong>Esta\u00e7\u00e3o Corinthians-Itaquera &#8211; CPTM:\u00a0<\/strong>das 8h30 \u00e0s 17h<\/li>\n<li><strong>Esta\u00e7\u00e3o Perus &#8211; CPTM:<\/strong>\u00a0das 8h30 \u00e0s 17h<\/li>\n<li><strong>Esta\u00e7\u00e3o Pirituba &#8211; CPTM:\u00a0<\/strong>das 8h30 \u00e0s 17h<\/li>\n<li><strong>Terminal de \u00d4nibus Cidade Tiradentes:<\/strong>\u00a0das 8h \u00e0s 16h<\/li>\n<li><strong>Terminal de \u00d4nibus Cachoeirinha:<\/strong>\u00a0das 9h \u00e0s 16h<\/li>\n<li><strong>Terminal Rodovi\u00e1rio do Tiet\u00ea:<\/strong>\u00a0das 9h \u00e0s 16h<\/li>\n<\/ul>\n<p><strong>A imuniza\u00e7\u00e3o continuar\u00e1 tamb\u00e9m a ocorrer nas unidades b\u00e1sicas de Sa\u00fade (UBSs), de segunda a sexta-feira, das 7h \u00e0s 19h, e, aos s\u00e1bados, nas assist\u00eancias m\u00e9dicas ambulatoriais (AMAs)\/UBSs integradas, no mesmo hor\u00e1rio.<\/strong>\u00a0A popula\u00e7\u00e3o pode encontrar a unidade mais pr\u00f3xima para vacina\u00e7\u00e3o, na capital paulista, por meio da\u00a0<a href=\"http:\/\/buscasaude.prefeitura.sp.gov.br\/\" target=\"_blank\" rel=\"noopener\">plataforma Busca Sa\u00fade<\/a>.<\/p>\n<p><strong>At\u00e9 a \u00faltima segunda-feira (3), 1.927.552 doses da vacina contra a gripe foram aplicadas no munic\u00edpio de S\u00e3o Paulo. A cobertura vacinal est\u00e1 em 37,45%<\/strong>, levando em conta o p\u00fablico considerado estrat\u00e9gico pela campanha de vacina\u00e7\u00e3o: as pessoas com mais de 60 anos, crian\u00e7as de 6 meses a menores de 6 anos e gestantes.<\/p>\n<p>*Com informa\u00e7\u00f5es de Ag\u00eancia Brasil<\/p>\n<\/div>\n","protected":false},"excerpt":{"rendered":"<p>Doses s\u00e3o destinadas a toda a\u00a0popula\u00e7\u00e3o acima de 6 meses de idade A prefeitura da capital paulista ir\u00e1 disponibilizar, para toda a popula\u00e7\u00e3o acima de 6 meses de idade, a partir desta segunda-feira (9), a vacina contra a gripe (v\u00edrus\u00a0Influenza) em esta\u00e7\u00f5es do transporte p\u00fablico na cidade.\u00a0O imunizante j\u00e1 est\u00e1 dispon\u00edvel\u00a0para toda a popula\u00e7\u00e3o, a [&hellip;]<\/p>\n","protected":false},"author":1,"featured_media":25374,"comment_status":"open","ping_status":"open","sticky":false,"template":"","format":"standard","meta":{"footnotes":""},"categories":[11],"tags":[],"class_list":{"0":"post-25373","1":"post","2":"type-post","3":"status-publish","4":"format-standard","5":"has-post-thumbnail","7":"category-saude"},"_links":{"self":[{"href":"https:\/\/jm-metropole.com.br\/site\/wp-json\/wp\/v2\/posts\/25373","targetHints":{"allow":["GET"]}}],"collection":[{"href":"https:\/\/jm-metropole.com.br\/site\/wp-json\/wp\/v2\/posts"}],"about":[{"href":"https:\/\/jm-metropole.com.br\/site\/wp-json\/wp\/v2\/types\/post"}],"author":[{"embeddable":true,"href":"https:\/\/jm-metropole.com.br\/site\/wp-json\/wp\/v2\/users\/1"}],"replies":[{"embeddable":true,"href":"https:\/\/jm-metropole.com.br\/site\/wp-json\/wp\/v2\/comments?post=25373"}],"version-history":[{"count":1,"href":"https:\/\/jm-metropole.com.br\/site\/wp-json\/wp\/v2\/posts\/25373\/revisions"}],"predecessor-version":[{"id":25375,"href":"https:\/\/jm-metropole.com.br\/site\/wp-json\/wp\/v2\/posts\/25373\/revisions\/25375"}],"wp:featuredmedia":[{"embeddable":true,"href":"https:\/\/jm-metropole.com.br\/site\/wp-json\/wp\/v2\/media\/25374"}],"wp:attachment":[{"href":"https:\/\/jm-metropole.com.br\/site\/wp-json\/wp\/v2\/media?parent=25373"}],"wp:term":[{"taxonomy":"category","embeddable":true,"href":"https:\/\/jm-metropole.com.br\/site\/wp-json\/wp\/v2\/categories?post=25373"},{"taxonomy":"post_tag","embeddable":true,"href":"https:\/\/jm-metropole.com.br\/site\/wp-json\/wp\/v2\/tags?post=25373"}],"curies":[{"name":"wp","href":"https:\/\/api.w.org\/{rel}","templated":true}]}}