{"id":25358,"date":"2025-06-06T16:05:13","date_gmt":"2025-06-06T19:05:13","guid":{"rendered":"https:\/\/jm-metropole.com.br\/site\/?p=25358"},"modified":"2025-06-06T16:05:13","modified_gmt":"2025-06-06T19:05:13","slug":"vereador-ataca-procuradora-da-camara-e-revolta-populacao-de-igarata-tentam-calar-quem-trabalha-direito","status":"publish","type":"post","link":"https:\/\/jm-metropole.com.br\/site\/vereador-ataca-procuradora-da-camara-e-revolta-populacao-de-igarata-tentam-calar-quem-trabalha-direito\/","title":{"rendered":"Vereador ataca Procuradora da C\u00e2mara e revolta popula\u00e7\u00e3o de Igarat\u00e1: \u201cTentam calar quem trabalha direito\u201d"},"content":{"rendered":"<p>Na \u00faltima ter\u00e7a-feira (4), a popula\u00e7\u00e3o de Igarat\u00e1 assistiu, estarrecida, a mais um epis\u00f3dio de desrespeito dentro da C\u00e2mara Municipal. Durante a sess\u00e3o plen\u00e1ria, o vereador Albert Urso atacou publicamente a Procuradora Jur\u00eddica da Casa, Dra. Valesca Cassiano Vaccari, insinuando que a equipe jur\u00eddica estaria descumprindo prazos regimentais.<\/p>\n<p>A acusa\u00e7\u00e3o, feita sem base t\u00e9cnica e diante das c\u00e2meras, foi recebida como uma tentativa de jogar na conta da servidora uma responsabilidade que, segundo o pr\u00f3prio Regimento Interno da Casa, n\u00e3o \u00e9 dela. A Procuradora reagiu imediatamente e protocolou um pedido de retrata\u00e7\u00e3o p\u00fablica, esclarecendo que o prazo legal para manifesta\u00e7\u00e3o jur\u00eddica s\u00f3 come\u00e7a a contar ap\u00f3s o despacho formal da Presid\u00eancia, procedimento que n\u00e3o tem sido seguido pela atual gest\u00e3o da C\u00e2mara.<\/p>\n<p>Mais do que uma diverg\u00eancia t\u00e9cnica, o epis\u00f3dio exp\u00f4s um problema grave: o uso da tribuna como espa\u00e7o para desqualificar servidores p\u00fablicos, em especial uma mulher, profissional reconhecida por sua firmeza \u00e9tica, imparcialidade e dedica\u00e7\u00e3o ao servi\u00e7o p\u00fablico.<\/p>\n<p>\u201cEla \u00e9 uma servidora t\u00e9cnica, respeitada, com mais de 15 anos de experi\u00eancia. Nunca se envolveu em politicagem. E justamente por isso, incomoda\u201d, afirmou um servidor da Casa que preferiu n\u00e3o se identificar.<\/p>\n<p>Dra. Valesca \u00e9 advogada especialista em Direito P\u00fablico, Ambiental, Imobili\u00e1rio e Administrativo. Est\u00e1 na Procuradoria desde fevereiro de 2025 e j\u00e1 atuou tanto no setor p\u00fablico quanto na iniciativa privada. Sempre com um s\u00f3 princ\u00edpio: cumprir a lei, acima de press\u00f5es pol\u00edticas.<\/p>\n<p>N\u00e3o \u00e9 a primeira vez que o vereador Albert Urso direciona cr\u00edticas pessoais \u00e0 Procuradora. Mas, desta vez, a fala ofensiva ultrapassou todos os limites. Servidores, lideran\u00e7as comunit\u00e1rias e cidad\u00e3os comuns se manifestaram em apoio \u00e0 Dra. Valesca. Um abaixo-assinado virtual j\u00e1 circula nas redes.<\/p>\n<p>\u201cIsso n\u00e3o \u00e9 papel de um vereador. Atacar uma mulher servidora p\u00fablica no plen\u00e1rio, ao vivo, sem respaldo t\u00e9cnico? \u00c9 machismo, \u00e9 abuso de poder, \u00e9 ass\u00e9dio institucional\u201d, desabafou uma moradora em coment\u00e1rio nas redes sociais da C\u00e2mara.<\/p>\n<p>O pedido de retrata\u00e7\u00e3o segue sob an\u00e1lise da Presid\u00eancia da Casa, mas a sociedade j\u00e1 deu sua resposta: Igarat\u00e1 est\u00e1 do lado de quem trabalha com seriedade, \u00e9tica e respeito.<\/p>\n","protected":false},"excerpt":{"rendered":"<p>Na \u00faltima ter\u00e7a-feira (4), a popula\u00e7\u00e3o de Igarat\u00e1 assistiu, estarrecida, a mais um epis\u00f3dio de desrespeito dentro da C\u00e2mara Municipal. Durante a sess\u00e3o plen\u00e1ria, o vereador Albert Urso atacou publicamente a Procuradora Jur\u00eddica da Casa, Dra. Valesca Cassiano Vaccari, insinuando que a equipe jur\u00eddica estaria descumprindo prazos regimentais. A acusa\u00e7\u00e3o, feita sem base t\u00e9cnica e [&hellip;]<\/p>\n","protected":false},"author":1,"featured_media":25359,"comment_status":"open","ping_status":"open","sticky":false,"template":"","format":"standard","meta":{"footnotes":""},"categories":[7],"tags":[],"class_list":{"0":"post-25358","1":"post","2":"type-post","3":"status-publish","4":"format-standard","5":"has-post-thumbnail","7":"category-igarata"},"_links":{"self":[{"href":"https:\/\/jm-metropole.com.br\/site\/wp-json\/wp\/v2\/posts\/25358","targetHints":{"allow":["GET"]}}],"collection":[{"href":"https:\/\/jm-metropole.com.br\/site\/wp-json\/wp\/v2\/posts"}],"about":[{"href":"https:\/\/jm-metropole.com.br\/site\/wp-json\/wp\/v2\/types\/post"}],"author":[{"embeddable":true,"href":"https:\/\/jm-metropole.com.br\/site\/wp-json\/wp\/v2\/users\/1"}],"replies":[{"embeddable":true,"href":"https:\/\/jm-metropole.com.br\/site\/wp-json\/wp\/v2\/comments?post=25358"}],"version-history":[{"count":1,"href":"https:\/\/jm-metropole.com.br\/site\/wp-json\/wp\/v2\/posts\/25358\/revisions"}],"predecessor-version":[{"id":25360,"href":"https:\/\/jm-metropole.com.br\/site\/wp-json\/wp\/v2\/posts\/25358\/revisions\/25360"}],"wp:featuredmedia":[{"embeddable":true,"href":"https:\/\/jm-metropole.com.br\/site\/wp-json\/wp\/v2\/media\/25359"}],"wp:attachment":[{"href":"https:\/\/jm-metropole.com.br\/site\/wp-json\/wp\/v2\/media?parent=25358"}],"wp:term":[{"taxonomy":"category","embeddable":true,"href":"https:\/\/jm-metropole.com.br\/site\/wp-json\/wp\/v2\/categories?post=25358"},{"taxonomy":"post_tag","embeddable":true,"href":"https:\/\/jm-metropole.com.br\/site\/wp-json\/wp\/v2\/tags?post=25358"}],"curies":[{"name":"wp","href":"https:\/\/api.w.org\/{rel}","templated":true}]}}