{"id":25355,"date":"2025-06-06T14:01:16","date_gmt":"2025-06-06T17:01:16","guid":{"rendered":"https:\/\/jm-metropole.com.br\/site\/?p=25355"},"modified":"2025-06-06T14:01:16","modified_gmt":"2025-06-06T17:01:16","slug":"por-unanimidade-stf-nega-recurso-e-mantem-condenacao-de-zambelli","status":"publish","type":"post","link":"https:\/\/jm-metropole.com.br\/site\/por-unanimidade-stf-nega-recurso-e-mantem-condenacao-de-zambelli\/","title":{"rendered":"Por unanimidade, STF nega recurso e mant\u00e9m condena\u00e7\u00e3o de Zambelli"},"content":{"rendered":"<div class=\"header-noticia full-width\">\n<div class=\"linha-fina-noticia\">Julgamento come\u00e7ou \u00e0s 11h em sess\u00e3o virtual<\/div>\n<\/div>\n<div class=\"container-autoria\"><\/div>\n<div>\n<p><strong>Todos os ministros da Primeira Turma do Supremo Tribunal Federal (STF) votaram nesta sexta-feira (6)\u00a0por rejeitar um recurso da deputada licenciada Carla Zambelli\u00a0<\/strong>(PL-SP) contra sua condena\u00e7\u00e3o a 10 anos de pris\u00e3o por invas\u00e3o aos sistemas eletr\u00f4nicos do Conselho Nacional de Justi\u00e7a (CNJ).\u00a0<img decoding=\"async\" src=\"https:\/\/agenciabrasil.ebc.com.br\/ebc.png?id=1645784&amp;o=node\" \/><img decoding=\"async\" src=\"https:\/\/agenciabrasil.ebc.com.br\/ebc.gif?id=1645784&amp;o=node\" \/><\/p>\n<p>O julgamento come\u00e7ou \u00e0s 11h em sess\u00e3o virtual da Primeira Turma do Supremo, colegiado respons\u00e1vel pelo julgamento.<\/p>\n<p>Os ministros Luiz Fux, Cristiano Zanin, C\u00e1rmen L\u00facia e Fl\u00e1vio Dino seguiram integralmente\u00a0o voto de Moraes, relator do caso, para quem o recurso de Zambelli teve \u201ccar\u00e1ter meramente protelat\u00f3rio\u201d, ou seja, o objetivo somente de atrasar o fim definitivo da a\u00e7\u00e3o, o chamado tr\u00e2nsito em julgado, quando n\u00e3o h\u00e1 mais possibilidade de recurso, e o consequente cumprimento da pena.<\/p>\n<blockquote><p>\u201cAssim, considerando o car\u00e1ter manifestamente protelat\u00f3rio do presente recurso, evidenciado pela mera reprodu\u00e7\u00e3o de argumentos anteriormente apresentados, \u00e9 de rigor a certifica\u00e7\u00e3o do tr\u00e2nsito em julgado\u201d, votou Moraes.<\/p><\/blockquote>\n<p><a href=\"https:\/\/www.whatsapp.com\/channel\/0029VaoRTgrInlqYLSk59B2M\" target=\"_blank\" rel=\"noopener\">&gt;&gt; Siga o canal da\u00a0<strong>Ag\u00eancia Brasi<\/strong>l no WhatsApp<\/a><\/p>\n<h2>Tr\u00e2nsito em julgado<\/h2>\n<p>Ainda segundo a decis\u00e3o, o tr\u00e2nsito em julgado e o cumprimento de pena ficam certificados de imediato, sem necessidade de se esperar a publica\u00e7\u00e3o do ac\u00f3rd\u00e3o (decis\u00e3o colegiada) sobre o caso.<\/p>\n<p>Com isso, a pris\u00e3o preventiva de Zambelli &#8211; determinada por Moraes ap\u00f3s ela ter deixado o pa\u00eds depois de ser condenada &#8211; deve ser convertida em pris\u00e3o para o cumprimento de pena.<\/p>\n<p><strong>A senten\u00e7a condenat\u00f3ria prev\u00ea, ainda, a perda imediata do mandato da deputada, de acordo com a jurisprud\u00eancia do Supremo<\/strong>. O entendimento da maioria dos ministros \u00e9 de que &#8211; por ser a condena\u00e7\u00e3o de pris\u00e3o superior ao m\u00e1ximo de faltas permitidas ao parlamentar &#8211; o Judici\u00e1rio pode determinar a medida.<\/p>\n<p><strong>Ainda assim, a perda do mandato em si depende de ato declarat\u00f3rio da Mesa Diretora da C\u00e2mara dos Deputados<\/strong>.<\/p>\n<p>A\u00a0Primeira Turma negou tamb\u00e9m um recurso de Walter Delgatti, hacker que executou a invas\u00e3o aos sistemas do CNJ por ordem de Zambelli. Ele confessou o crime e entregou a mandante.<\/p>\n<p>Delgatti foi condenado a 8 anos de 3 meses de pris\u00e3o. A senten\u00e7a determina ainda que os dois paguem R$ 2 milh\u00f5es, solidariamente, em danos materiais e morais coletivos.<\/p>\n<h2>Fuga<\/h2>\n<p>O recurso foi protocolado no STF antes de Carla Zambelli fugir para a It\u00e1lia para evitar o cumprimento da pena. No in\u00edcio desta semana,\u00a0<a href=\"https:\/\/agenciabrasil.ebc.com.br\/politica\/noticia\/2025-06\/deputada-carla-zambelli-condenada-pelo-stf-deixa-o-brasil%C2%A0\" target=\"_blank\" rel=\"noopener\">ela saiu do Brasil com destino aos Estados Unidos<\/a>. Na manh\u00e3 de ontem (4), a deputada chegou em Roma, onde deve permanecer. Ela tem dupla cidadania.<\/p>\n<p>A pris\u00e3o para cumprimento de pena deve minimizar as alega\u00e7\u00f5es de persegui\u00e7\u00e3o pol\u00edtica contra a deputada e facilitar o embasamento jur\u00eddico para um eventual pedido de extradi\u00e7\u00e3o.<\/p>\n<p>Ap\u00f3s a fuga, o advogado Daniel Bialski deixou a defesa da deputada. Moraes determinou que a defesa seja feita pela Defensoria P\u00fablica da Uni\u00e3o (DPU).<\/p>\n<p>Em casos semelhantes, a Justi\u00e7a italiana autorizou a extradi\u00e7\u00e3o de cidad\u00e3os de dupla nacionalidade, como o ex-diretor do Banco do Brasil Henrique Pizzolato, condenado no processo do mensal\u00e3o.<\/p>\n<h2>Condena\u00e7\u00e3o<\/h2>\n<p>Por\u00a0unanimidade, a\u00a0Primeira Turma do Supremo Tribunal Federal (STF)\u00a0<a href=\"https:\/\/agenciabrasil.ebc.com.br\/justica\/noticia\/2025-05\/por-unanimidade-stf-condena-carla-zambelli-10-anos-de-prisao\" target=\"_blank\" rel=\"noopener\">condenou a deputada Carla Zambelli (PL-SP) a 10 anos de pris\u00e3o<\/a>\u00a0pela invas\u00e3o ao sistema eletr\u00f4nico do Conselho Nacional de Justi\u00e7a (CNJ), ocorrido em 2023.<\/p>\n<p>Segundo den\u00fancia da Procuradoria-Geral da Rep\u00fablica (PGR), Zambelli\u00a0foi a autora intelectual da invas\u00e3o e procurou Delgatti\u00a0para executar o crime, com objetivo de inserir nos sistemas do CNJ um\u00a0mandado de pris\u00e3o falso e em aberto contra Moraes, entre outras manipula\u00e7\u00f5es ilegais.<\/p>\n<p>O PGR relacionou os crimes \u00e0 incita\u00e7\u00e3o de atos antidemocr\u00e1ticos\u00a0e escreveu que eles foram cometidos visando a obten\u00e7\u00e3o de \u201cvantagem midi\u00e1tica e pol\u00edtica\u201d e \u201ccom o fim de prejudicar a credibilidade e o regular funcionamento do Poder Judici\u00e1rio\u201d.<\/p>\n<p>Na ocasi\u00e3o, todos os ministros da Primeira Turma\u00a0<a href=\"https:\/\/agenciabrasil.ebc.com.br\/justica\/noticia\/2025-05\/moraes-vota-por-zambelli-pegar-10-anos-de-prisao-por-invasao-ao-cnj\" target=\"_blank\" rel=\"noopener\">seguiram o voto do relator, Moraes<\/a>, que considerou ambos culpados pela pr\u00e1tica dos crimes de invas\u00e3o de dispositivos inform\u00e1ticos e falsidade ideol\u00f3gica.<\/p>\n<h2>Porte de arma<\/h2>\n<p>Carla Zambelli responde a outro processo criminal no STF. Em agosto de 2023,\u00a0Zambelli virou r\u00e9 no Supremo pelo epis\u00f3dio em que ela sacou uma arma de fogo e perseguiu o jornalista Luan Ara\u00fajo \u00e0s v\u00e9speras do segundo turno das elei\u00e7\u00f5es de 2022.<\/p>\n<p>A persegui\u00e7\u00e3o come\u00e7ou ap\u00f3s Zambelli e Luan trocarem provoca\u00e7\u00f5es durante um ato pol\u00edtico no bairro dos Jardins, em S\u00e3o Paulo.<\/p>\n<p>At\u00e9 o momento, o\u00a0Supremo registrou placar de 6 votos a 0 para condenar a parlamentar a 5 anos e 3 meses de pris\u00e3o em regime semiaberto. No entanto, um\u00a0pedido de vista do ministro Nunes Marques adiou a conclus\u00e3o do julgamento.<\/p>\n<p>*Com informa\u00e7\u00f5es de Ag\u00eancia Brasil<\/p>\n<\/div>\n","protected":false},"excerpt":{"rendered":"<p>Julgamento come\u00e7ou \u00e0s 11h em sess\u00e3o virtual Todos os ministros da Primeira Turma do Supremo Tribunal Federal (STF) votaram nesta sexta-feira (6)\u00a0por rejeitar um recurso da deputada licenciada Carla Zambelli\u00a0(PL-SP) contra sua condena\u00e7\u00e3o a 10 anos de pris\u00e3o por invas\u00e3o aos sistemas eletr\u00f4nicos do Conselho Nacional de Justi\u00e7a (CNJ).\u00a0 O julgamento come\u00e7ou \u00e0s 11h em [&hellip;]<\/p>\n","protected":false},"author":1,"featured_media":25356,"comment_status":"open","ping_status":"open","sticky":false,"template":"","format":"standard","meta":{"footnotes":""},"categories":[48],"tags":[],"class_list":{"0":"post-25355","1":"post","2":"type-post","3":"status-publish","4":"format-standard","5":"has-post-thumbnail","7":"category-geral"},"_links":{"self":[{"href":"https:\/\/jm-metropole.com.br\/site\/wp-json\/wp\/v2\/posts\/25355","targetHints":{"allow":["GET"]}}],"collection":[{"href":"https:\/\/jm-metropole.com.br\/site\/wp-json\/wp\/v2\/posts"}],"about":[{"href":"https:\/\/jm-metropole.com.br\/site\/wp-json\/wp\/v2\/types\/post"}],"author":[{"embeddable":true,"href":"https:\/\/jm-metropole.com.br\/site\/wp-json\/wp\/v2\/users\/1"}],"replies":[{"embeddable":true,"href":"https:\/\/jm-metropole.com.br\/site\/wp-json\/wp\/v2\/comments?post=25355"}],"version-history":[{"count":1,"href":"https:\/\/jm-metropole.com.br\/site\/wp-json\/wp\/v2\/posts\/25355\/revisions"}],"predecessor-version":[{"id":25357,"href":"https:\/\/jm-metropole.com.br\/site\/wp-json\/wp\/v2\/posts\/25355\/revisions\/25357"}],"wp:featuredmedia":[{"embeddable":true,"href":"https:\/\/jm-metropole.com.br\/site\/wp-json\/wp\/v2\/media\/25356"}],"wp:attachment":[{"href":"https:\/\/jm-metropole.com.br\/site\/wp-json\/wp\/v2\/media?parent=25355"}],"wp:term":[{"taxonomy":"category","embeddable":true,"href":"https:\/\/jm-metropole.com.br\/site\/wp-json\/wp\/v2\/categories?post=25355"},{"taxonomy":"post_tag","embeddable":true,"href":"https:\/\/jm-metropole.com.br\/site\/wp-json\/wp\/v2\/tags?post=25355"}],"curies":[{"name":"wp","href":"https:\/\/api.w.org\/{rel}","templated":true}]}}