{"id":25346,"date":"2025-06-06T08:34:53","date_gmt":"2025-06-06T11:34:53","guid":{"rendered":"https:\/\/jm-metropole.com.br\/site\/?p=25346"},"modified":"2025-06-06T08:34:53","modified_gmt":"2025-06-06T11:34:53","slug":"em-itaqua-sala-sabem-ja-acolheu-148-vitimas-de-violencia-domestica-desde-marco","status":"publish","type":"post","link":"https:\/\/jm-metropole.com.br\/site\/em-itaqua-sala-sabem-ja-acolheu-148-vitimas-de-violencia-domestica-desde-marco\/","title":{"rendered":"Em Itaqu\u00e1, Sala SABEM j\u00e1 acolheu 148 v\u00edtimas de viol\u00eancia dom\u00e9stica desde mar\u00e7o"},"content":{"rendered":"<p>Equipamento oferece atendimento humanizado<\/p>\n<p>Desde o in\u00edcio do funcionamento da Sala SABEM (Sa\u00fade e Bem-Estar da Mulher), em mar\u00e7o deste ano, a Prefeitura de Itaquaquecetuba j\u00e1 acolheu 148 mulheres em situa\u00e7\u00e3o de vulnerabilidade, v\u00edtimas de viol\u00eancia dom\u00e9stica. O servi\u00e7o, que funciona dentro da Casa da Mulher, \u00e9 um marco na rede de prote\u00e7\u00e3o \u00e0 mulher no munic\u00edpio. Em mar\u00e7o, o equipamento acolheu 54, em abril 49 e, em maio, 45.<\/p>\n<p>O servi\u00e7o \u00e9 uma iniciativa da Secretaria da Mulher, Direitos Humanos e Cidadania, em parceria com a Secretaria de Sa\u00fade, conduzido por profissionais qualificados ap\u00f3s encaminhamentos realizados via Centro de Refer\u00eancia de Assist\u00eancia Social (CRAS), Centro de Refer\u00eancia Especializado de Assist\u00eancia Social (CREAS), programas de acolhimento e \u00f3rg\u00e3os de seguran\u00e7a.<\/p>\n<p>\u201cA sala \u00e9 um espa\u00e7o vital para o processo de recupera\u00e7\u00e3o, empoderamento e prote\u00e7\u00e3o, al\u00e9m de ser um importante instrumento para a promo\u00e7\u00e3o de uma sociedade mais justa e igualit\u00e1ria\u201d, afirmou a secret\u00e1ria da Mulher, Direitos Humanos e Cidadania, Hadla Issa.<\/p>\n<p>A primeira-dama e presidente do Fundo Social, Mila Boigues, tamb\u00e9m destacou a import\u00e2ncia da iniciativa. \u201cO acolhimento \u00e9 um passo fundamental para o fortalecimento das v\u00edtimas de viol\u00eancia. A sala oferece um espa\u00e7o seguro onde elas podem expressar seus sentimentos, refletir sobre a situa\u00e7\u00e3o e desenvolver mecanismos de enfrentamento.\u201d<\/p>\n<p>O agendamento presencial \u00e9 realizado de segunda a sexta, das 8h \u00e0s 17h, na Casa da Mulher (rua Guariri, 261 \u2013 Vila S\u00e3o Carlos). \u201cA proposta reafirma o compromisso da gest\u00e3o municipal com a sa\u00fade, seguran\u00e7a e dignidade das mulheres de Itaqu\u00e1. Estamos atentos \u00e0s necessidades da popula\u00e7\u00e3o para oferecer servi\u00e7os essenciais a todas\u201d, finalizou o prefeito Eduardo Boigues.<\/p>\n<p>Fotos: Matheus Cruz<\/p>\n","protected":false},"excerpt":{"rendered":"<p>Equipamento oferece atendimento humanizado Desde o in\u00edcio do funcionamento da Sala SABEM (Sa\u00fade e Bem-Estar da Mulher), em mar\u00e7o deste ano, a Prefeitura de Itaquaquecetuba j\u00e1 acolheu 148 mulheres em situa\u00e7\u00e3o de vulnerabilidade, v\u00edtimas de viol\u00eancia dom\u00e9stica. O servi\u00e7o, que funciona dentro da Casa da Mulher, \u00e9 um marco na rede de prote\u00e7\u00e3o \u00e0 mulher [&hellip;]<\/p>\n","protected":false},"author":1,"featured_media":25347,"comment_status":"open","ping_status":"open","sticky":false,"template":"","format":"standard","meta":{"footnotes":""},"categories":[6],"tags":[],"class_list":{"0":"post-25346","1":"post","2":"type-post","3":"status-publish","4":"format-standard","5":"has-post-thumbnail","7":"category-itaqua"},"_links":{"self":[{"href":"https:\/\/jm-metropole.com.br\/site\/wp-json\/wp\/v2\/posts\/25346","targetHints":{"allow":["GET"]}}],"collection":[{"href":"https:\/\/jm-metropole.com.br\/site\/wp-json\/wp\/v2\/posts"}],"about":[{"href":"https:\/\/jm-metropole.com.br\/site\/wp-json\/wp\/v2\/types\/post"}],"author":[{"embeddable":true,"href":"https:\/\/jm-metropole.com.br\/site\/wp-json\/wp\/v2\/users\/1"}],"replies":[{"embeddable":true,"href":"https:\/\/jm-metropole.com.br\/site\/wp-json\/wp\/v2\/comments?post=25346"}],"version-history":[{"count":1,"href":"https:\/\/jm-metropole.com.br\/site\/wp-json\/wp\/v2\/posts\/25346\/revisions"}],"predecessor-version":[{"id":25348,"href":"https:\/\/jm-metropole.com.br\/site\/wp-json\/wp\/v2\/posts\/25346\/revisions\/25348"}],"wp:featuredmedia":[{"embeddable":true,"href":"https:\/\/jm-metropole.com.br\/site\/wp-json\/wp\/v2\/media\/25347"}],"wp:attachment":[{"href":"https:\/\/jm-metropole.com.br\/site\/wp-json\/wp\/v2\/media?parent=25346"}],"wp:term":[{"taxonomy":"category","embeddable":true,"href":"https:\/\/jm-metropole.com.br\/site\/wp-json\/wp\/v2\/categories?post=25346"},{"taxonomy":"post_tag","embeddable":true,"href":"https:\/\/jm-metropole.com.br\/site\/wp-json\/wp\/v2\/tags?post=25346"}],"curies":[{"name":"wp","href":"https:\/\/api.w.org\/{rel}","templated":true}]}}