{"id":25340,"date":"2025-06-06T08:32:43","date_gmt":"2025-06-06T11:32:43","guid":{"rendered":"https:\/\/jm-metropole.com.br\/site\/?p=25340"},"modified":"2025-06-06T08:32:43","modified_gmt":"2025-06-06T11:32:43","slug":"itaqua-promove-audiencia-publica-sobre-novo-zoneamento-na-proxima-quinta-12","status":"publish","type":"post","link":"https:\/\/jm-metropole.com.br\/site\/itaqua-promove-audiencia-publica-sobre-novo-zoneamento-na-proxima-quinta-12\/","title":{"rendered":"Itaqu\u00e1 promove audi\u00eancia p\u00fablica sobre novo zoneamento na pr\u00f3xima quinta (12)"},"content":{"rendered":"<p>A\u00e7\u00e3o discutir\u00e1 como os espa\u00e7os da cidade podem ser utilizados<\/p>\n<p>A Prefeitura de Itaquaquecetuba, por meio da Secretaria de Planejamento, promove, na pr\u00f3xima quinta (12), \u00e0s 17h30, uma audi\u00eancia p\u00fablica sobre o novo zoneamento para discutir como os espa\u00e7os da cidade podem ser utilizados, estabelecendo regras para o crescimento urbano e ocupa\u00e7\u00e3o do solo.<\/p>\n<p>O encontro \u00e9 aberto ao p\u00fablico e ser\u00e1 na C\u00e2mara Municipal (rua Ver. Jos\u00e9 Barbosa de Ara\u00fajo, 267 \u2013 Vila Virg\u00ednia). &#8220;A audi\u00eancia p\u00fablica \u00e9 um momento fundamental para garantir que a legisla\u00e7\u00e3o reflita as reais necessidades da cidade e da popula\u00e7\u00e3o. \u00c9 importante a participa\u00e7\u00e3o de todos\u201d, destacou o secret\u00e1rio de Planejamento, Alexandre Feij\u00f3.<\/p>\n<p>A medida organiza o territ\u00f3rio em zonas (residenciais, comerciais e industriais), garantindo o desenvolvimento equilibrado, seguro e sustent\u00e1vel. &#8220;Estamos construindo o futuro da nossa cidade. Essa \u00e9 uma das ferramentas mais importantes para garantir um crescimento ordenado, sustent\u00e1vel e que respeite as caracter\u00edsticas de cada regi\u00e3o\u201d, acrescentou o prefeito Eduardo Boigues.<\/p>\n<p>Fotos: Caroline Assis<\/p>\n","protected":false},"excerpt":{"rendered":"<p>A\u00e7\u00e3o discutir\u00e1 como os espa\u00e7os da cidade podem ser utilizados A Prefeitura de Itaquaquecetuba, por meio da Secretaria de Planejamento, promove, na pr\u00f3xima quinta (12), \u00e0s 17h30, uma audi\u00eancia p\u00fablica sobre o novo zoneamento para discutir como os espa\u00e7os da cidade podem ser utilizados, estabelecendo regras para o crescimento urbano e ocupa\u00e7\u00e3o do solo. O [&hellip;]<\/p>\n","protected":false},"author":1,"featured_media":25341,"comment_status":"open","ping_status":"open","sticky":false,"template":"","format":"standard","meta":{"footnotes":""},"categories":[6],"tags":[],"class_list":{"0":"post-25340","1":"post","2":"type-post","3":"status-publish","4":"format-standard","5":"has-post-thumbnail","7":"category-itaqua"},"_links":{"self":[{"href":"https:\/\/jm-metropole.com.br\/site\/wp-json\/wp\/v2\/posts\/25340","targetHints":{"allow":["GET"]}}],"collection":[{"href":"https:\/\/jm-metropole.com.br\/site\/wp-json\/wp\/v2\/posts"}],"about":[{"href":"https:\/\/jm-metropole.com.br\/site\/wp-json\/wp\/v2\/types\/post"}],"author":[{"embeddable":true,"href":"https:\/\/jm-metropole.com.br\/site\/wp-json\/wp\/v2\/users\/1"}],"replies":[{"embeddable":true,"href":"https:\/\/jm-metropole.com.br\/site\/wp-json\/wp\/v2\/comments?post=25340"}],"version-history":[{"count":1,"href":"https:\/\/jm-metropole.com.br\/site\/wp-json\/wp\/v2\/posts\/25340\/revisions"}],"predecessor-version":[{"id":25342,"href":"https:\/\/jm-metropole.com.br\/site\/wp-json\/wp\/v2\/posts\/25340\/revisions\/25342"}],"wp:featuredmedia":[{"embeddable":true,"href":"https:\/\/jm-metropole.com.br\/site\/wp-json\/wp\/v2\/media\/25341"}],"wp:attachment":[{"href":"https:\/\/jm-metropole.com.br\/site\/wp-json\/wp\/v2\/media?parent=25340"}],"wp:term":[{"taxonomy":"category","embeddable":true,"href":"https:\/\/jm-metropole.com.br\/site\/wp-json\/wp\/v2\/categories?post=25340"},{"taxonomy":"post_tag","embeddable":true,"href":"https:\/\/jm-metropole.com.br\/site\/wp-json\/wp\/v2\/tags?post=25340"}],"curies":[{"name":"wp","href":"https:\/\/api.w.org\/{rel}","templated":true}]}}