{"id":25321,"date":"2025-06-05T17:13:06","date_gmt":"2025-06-05T20:13:06","guid":{"rendered":"https:\/\/jm-metropole.com.br\/site\/?p=25321"},"modified":"2025-06-05T17:13:06","modified_gmt":"2025-06-05T20:13:06","slug":"prefeitura-de-aruja-inaugura-espaco-municipal-de-educacao-ambiental-no-parque-dos-ipes","status":"publish","type":"post","link":"https:\/\/jm-metropole.com.br\/site\/prefeitura-de-aruja-inaugura-espaco-municipal-de-educacao-ambiental-no-parque-dos-ipes\/","title":{"rendered":"PREFEITURA DE ARUJ\u00c1 INAUGURA ESPA\u00c7O MUNICIPAL DE EDUCA\u00c7\u00c3O AMBIENTAL NO PARQUE DOS IP\u00caS"},"content":{"rendered":"<p>A Prefeitura de Aruj\u00e1 inaugurou, nesta quinta-feira (5), Dia Mundial do Meio Ambiente, o novo Espa\u00e7o Municipal de Educa\u00e7\u00e3o Ambiental (ESMEA), localizado no Parque dos Ip\u00eas. A cerim\u00f4nia marcou mais um passo importante na promo\u00e7\u00e3o da conscientiza\u00e7\u00e3o ambiental e no fortalecimento das a\u00e7\u00f5es educativas voltadas ao desenvolvimento sustent\u00e1vel na cidade.<\/p>\n<p>A solenidade contou com a participa\u00e7\u00e3o de 60 alunos do 4\u00ba e 5\u00ba ano da Escola Municipal Marisa Aparecida Pendenza, sob dire\u00e7\u00e3o de T\u00e2nia Fraz\u00e3o Doria Margonar. As crian\u00e7as apresentaram cartazes produzidos em atividades desenvolvidas na Secretaria de Meio Ambiente, com temas como polui\u00e7\u00e3o, desertifica\u00e7\u00e3o, reciclagem, aquecimento global, derretimento das geleiras e sustentabilidade.<\/p>\n<p>O secret\u00e1rio municipal de Meio Ambiente, Juvenal Penteado, ressaltou que o espa\u00e7o \u00e9 um importante ponto estrat\u00e9gico para atividades com estudantes, al\u00e9m de servir como refer\u00eancia para os mun\u00edcipes que buscam informa\u00e7\u00f5es sobre educa\u00e7\u00e3o ambiental. Ele explicou que o cont\u00eainer, al\u00e9m da estrutura fixa, poder\u00e1 ser itinerante de acordo com as necessidades, ampliando o alcance das a\u00e7\u00f5es. A iniciativa tamb\u00e9m contribui para o aumento da pontua\u00e7\u00e3o do munic\u00edpio no Programa Munic\u00edpio VerdeAzul.<\/p>\n<p>Durante o evento, o prefeito Luis Camargo refor\u00e7ou a import\u00e2ncia da conscientiza\u00e7\u00e3o desde a inf\u00e2ncia. \u201cHoje, ao olharmos para essas crian\u00e7as, vemos o futuro de Aruj\u00e1. N\u00e3o \u00e9 apenas sobre plantar \u00e1rvores ou separar o lixo, \u00e9 sobre garantir que as pr\u00f3ximas gera\u00e7\u00f5es tenham um planeta habit\u00e1vel. Essa inaugura\u00e7\u00e3o \u00e9 s\u00edmbolo do nosso compromisso com a sustentabilidade, com a educa\u00e7\u00e3o e com a responsabilidade social\u201d, afirmou.<\/p>\n<p>O ESMEA conta com 18m\u00b2 de estrutura fixa, localizada pr\u00f3xima ao Viveiro Municipal, e tamb\u00e9m ter\u00e1 atividades ao ar livre. O local funcionar\u00e1 como uma sala interativa para a realiza\u00e7\u00e3o de a\u00e7\u00f5es educativas junto \u00e0s escolas municipais. A visita\u00e7\u00e3o ser\u00e1 agendada conforme o Calend\u00e1rio Ambiental da Secretaria de Meio Ambiente, com foco nos estudantes da cidade.<\/p>\n<p>O descerramento da placa foi marcada por uma contagem regressiva feita pelas crian\u00e7as, seguida da entrega de mudas de suculentas aos pequenos participantes \u2014 um gesto simb\u00f3lico de conex\u00e3o com a natureza.<\/p>\n<p>Estiveram presentes na cerim\u00f4nia o Prefeito Municipal de Aruj\u00e1, Luis Camargo, a presidente do Fundo Social de Solidariedade, Clau Camargo; a presidente da C\u00e2mara Municipal Cris do Barreto, os vereadores Ana do Esporte, Leandro Larini, Pastor Samoel Maia, Professor Danilo, Divinei da Silva, Thiago Urs\u00e3o e Pastor Mois\u00e9s Chocolate; o secret\u00e1rio do Meio Ambiente Juvenal Penteado, demais secret\u00e1rios municipais, servidores municipais, convidados e membros da comunidade.<\/p>\n","protected":false},"excerpt":{"rendered":"<p>A Prefeitura de Aruj\u00e1 inaugurou, nesta quinta-feira (5), Dia Mundial do Meio Ambiente, o novo Espa\u00e7o Municipal de Educa\u00e7\u00e3o Ambiental (ESMEA), localizado no Parque dos Ip\u00eas. A cerim\u00f4nia marcou mais um passo importante na promo\u00e7\u00e3o da conscientiza\u00e7\u00e3o ambiental e no fortalecimento das a\u00e7\u00f5es educativas voltadas ao desenvolvimento sustent\u00e1vel na cidade. A solenidade contou com a [&hellip;]<\/p>\n","protected":false},"author":1,"featured_media":25322,"comment_status":"open","ping_status":"open","sticky":false,"template":"","format":"standard","meta":{"footnotes":""},"categories":[4],"tags":[],"class_list":{"0":"post-25321","1":"post","2":"type-post","3":"status-publish","4":"format-standard","5":"has-post-thumbnail","7":"category-aruja"},"_links":{"self":[{"href":"https:\/\/jm-metropole.com.br\/site\/wp-json\/wp\/v2\/posts\/25321","targetHints":{"allow":["GET"]}}],"collection":[{"href":"https:\/\/jm-metropole.com.br\/site\/wp-json\/wp\/v2\/posts"}],"about":[{"href":"https:\/\/jm-metropole.com.br\/site\/wp-json\/wp\/v2\/types\/post"}],"author":[{"embeddable":true,"href":"https:\/\/jm-metropole.com.br\/site\/wp-json\/wp\/v2\/users\/1"}],"replies":[{"embeddable":true,"href":"https:\/\/jm-metropole.com.br\/site\/wp-json\/wp\/v2\/comments?post=25321"}],"version-history":[{"count":1,"href":"https:\/\/jm-metropole.com.br\/site\/wp-json\/wp\/v2\/posts\/25321\/revisions"}],"predecessor-version":[{"id":25323,"href":"https:\/\/jm-metropole.com.br\/site\/wp-json\/wp\/v2\/posts\/25321\/revisions\/25323"}],"wp:featuredmedia":[{"embeddable":true,"href":"https:\/\/jm-metropole.com.br\/site\/wp-json\/wp\/v2\/media\/25322"}],"wp:attachment":[{"href":"https:\/\/jm-metropole.com.br\/site\/wp-json\/wp\/v2\/media?parent=25321"}],"wp:term":[{"taxonomy":"category","embeddable":true,"href":"https:\/\/jm-metropole.com.br\/site\/wp-json\/wp\/v2\/categories?post=25321"},{"taxonomy":"post_tag","embeddable":true,"href":"https:\/\/jm-metropole.com.br\/site\/wp-json\/wp\/v2\/tags?post=25321"}],"curies":[{"name":"wp","href":"https:\/\/api.w.org\/{rel}","templated":true}]}}