{"id":25284,"date":"2025-06-04T17:40:55","date_gmt":"2025-06-04T20:40:55","guid":{"rendered":"https:\/\/jm-metropole.com.br\/site\/?p=25284"},"modified":"2025-06-04T17:40:55","modified_gmt":"2025-06-04T20:40:55","slug":"aruja-promove-semana-do-meio-ambiente-com-programacao-para-toda-a-familia","status":"publish","type":"post","link":"https:\/\/jm-metropole.com.br\/site\/aruja-promove-semana-do-meio-ambiente-com-programacao-para-toda-a-familia\/","title":{"rendered":"ARUJ\u00c1 PROMOVE SEMANA DO MEIO AMBIENTE COM PROGRAMA\u00c7\u00c3O PARA TODA A FAM\u00cdLIA"},"content":{"rendered":"<p>Em comemora\u00e7\u00e3o \u00e0 Semana Mundial do Meio Ambiente, a Prefeitura de Aruj\u00e1, por meio da Secretaria Municipal do Meio Ambiente, realiza uma programa\u00e7\u00e3o que acontecer\u00e1 no decorrer do m\u00eas de junho. O evento tem a finalidade de ampliar o di\u00e1logo com a popula\u00e7\u00e3o sobre sustentabilidade, preserva\u00e7\u00e3o de recursos naturais, consumo consciente e qualidade de vida.<\/p>\n<p>A iniciativa re\u00fane atividades educativas, culturais, esportivas e de lazer, todas com acesso gratuito. Al\u00e9m disso, tamb\u00e9m ter\u00e1 a\u00e7\u00f5es de plantio simb\u00f3lico, sess\u00f5es de cinema ambiental itinerante, atividades f\u00edsicas, troca de mudas por alimentos, passeio cicl\u00edstico interparques e a Festa Junina Verde, com atra\u00e7\u00f5es para toda a fam\u00edlia.<\/p>\n<p>PROGRAMA\u00c7\u00c3O COMPLETA<\/p>\n<p>Quinta-feira (05\/06)<br \/>\nLocal: Parque dos Ip\u00eas<br \/>\n&#8211; 10h: Inaugura\u00e7\u00e3o do ESMEA &#8211; Espa\u00e7o Municipal de Educa\u00e7\u00e3o Ambiental<\/p>\n<p>Local: C\u00e2mara Municipal<br \/>\n&#8211; 15h: Sess\u00e3o Solene &#8211; Pr\u00eamio Cidad\u00e3o Ambiental<\/p>\n<p>Sexta-feira (06\/06)<br \/>\n&#8211; 10h: Plantio simb\u00f3lico no letreiro de Aruj\u00e1<\/p>\n<p>Segunda-feira (09\/06)<br \/>\nLocal: Parque dos Ip\u00eas<br \/>\n&#8211; 9h \u00e0s 16h: Troca de 1kg de alimentos n\u00e3o perec\u00edveis por uma muda de orqu\u00eddea<\/p>\n<p>Ter\u00e7a-feira (10\/06)<br \/>\nLocal: CEU Cerejeiras<br \/>\n&#8211; 14h: Cine Ambiental Itinerante com pipoca gratuita<\/p>\n<p>Quarta-feira (11\/06)<br \/>\nLocal: Casar\u00e3o das Artes<br \/>\n&#8211; 14h: Cine Ambiental Itinerante com pipoca gratuita<\/p>\n<p>Quinta-feira (12\/06)<br \/>\nLocal: Parque dos Ip\u00eas<br \/>\n&#8211; 9h \u00e0s 16h: Troca de alimentos por orqu\u00eddeas<\/p>\n<p>Sexta-feira (13\/06)<br \/>\nLocal: Parque dos Ip\u00eas<br \/>\n&#8211; 14h: Cine Ambiental Itinerante com pipoca gratuita<\/p>\n<p>Domingo (15\/06)<br \/>\nPasseio Cicl\u00edstico Inter-Parques<br \/>\nSa\u00edda: Parque Cidade Natureza<br \/>\nChegada: Parque dos Ip\u00eas<br \/>\n&#8211; 9h: Aquecimento<br \/>\n&#8211; 10h: Sa\u00edda do Parque Cidade Natureza<br \/>\n&#8211; 11h: Sorteio de brindes no Parque dos Ip\u00eas<br \/>\n&#8211; 11h30: Aul\u00e3o de Beach Tennis<\/p>\n<p>Segunda-feira (16\/06)<br \/>\nLocal: Parque dos Ip\u00eas<br \/>\nObs: Caf\u00e9 da manh\u00e3 comunit\u00e1rio<br \/>\n&#8211; 8h: Aula de Yoga<br \/>\n&#8211; 10h: Atividades na quadra<\/p>\n<p>Ter\u00e7a-feira (17\/06)<br \/>\nLocal: Parque dos Ip\u00eas<br \/>\nObs: Caf\u00e9 da manh\u00e3 comunit\u00e1rio<br \/>\n&#8211; 8h: Aula de Zumba<br \/>\n&#8211; 10h: Atividades na quadra<\/p>\n<p>Domingo (29\/06)<br \/>\nFesta Junina Verde<br \/>\nHor\u00e1rio: 12h<br \/>\nLocal: Parque dos Ip\u00eas<\/p>\n<p>&#8211; Brinquedos infl\u00e1veis<br \/>\n&#8211; Viv\u00eancias de Educa\u00e7\u00e3o Ambiental<br \/>\n&#8211; Reinaugura\u00e7\u00e3o do viveiro (14h)<br \/>\n&#8211; Atra\u00e7\u00f5es musicais<br \/>\n&#8211; Comidas e bebidas de empreendedores locais<br \/>\n&#8211; Concurso Miss e Mister Sustent\u00e1vel<br \/>\n&#8211; Pipoca \u00e0 vontade<br \/>\n&#8211; Bolo de anivers\u00e1rio do Parque dos Ip\u00eas<\/p>\n","protected":false},"excerpt":{"rendered":"<p>Em comemora\u00e7\u00e3o \u00e0 Semana Mundial do Meio Ambiente, a Prefeitura de Aruj\u00e1, por meio da Secretaria Municipal do Meio Ambiente, realiza uma programa\u00e7\u00e3o que acontecer\u00e1 no decorrer do m\u00eas de junho. O evento tem a finalidade de ampliar o di\u00e1logo com a popula\u00e7\u00e3o sobre sustentabilidade, preserva\u00e7\u00e3o de recursos naturais, consumo consciente e qualidade de vida. [&hellip;]<\/p>\n","protected":false},"author":1,"featured_media":25285,"comment_status":"open","ping_status":"open","sticky":false,"template":"","format":"standard","meta":{"footnotes":""},"categories":[4],"tags":[],"class_list":{"0":"post-25284","1":"post","2":"type-post","3":"status-publish","4":"format-standard","5":"has-post-thumbnail","7":"category-aruja"},"_links":{"self":[{"href":"https:\/\/jm-metropole.com.br\/site\/wp-json\/wp\/v2\/posts\/25284","targetHints":{"allow":["GET"]}}],"collection":[{"href":"https:\/\/jm-metropole.com.br\/site\/wp-json\/wp\/v2\/posts"}],"about":[{"href":"https:\/\/jm-metropole.com.br\/site\/wp-json\/wp\/v2\/types\/post"}],"author":[{"embeddable":true,"href":"https:\/\/jm-metropole.com.br\/site\/wp-json\/wp\/v2\/users\/1"}],"replies":[{"embeddable":true,"href":"https:\/\/jm-metropole.com.br\/site\/wp-json\/wp\/v2\/comments?post=25284"}],"version-history":[{"count":1,"href":"https:\/\/jm-metropole.com.br\/site\/wp-json\/wp\/v2\/posts\/25284\/revisions"}],"predecessor-version":[{"id":25286,"href":"https:\/\/jm-metropole.com.br\/site\/wp-json\/wp\/v2\/posts\/25284\/revisions\/25286"}],"wp:featuredmedia":[{"embeddable":true,"href":"https:\/\/jm-metropole.com.br\/site\/wp-json\/wp\/v2\/media\/25285"}],"wp:attachment":[{"href":"https:\/\/jm-metropole.com.br\/site\/wp-json\/wp\/v2\/media?parent=25284"}],"wp:term":[{"taxonomy":"category","embeddable":true,"href":"https:\/\/jm-metropole.com.br\/site\/wp-json\/wp\/v2\/categories?post=25284"},{"taxonomy":"post_tag","embeddable":true,"href":"https:\/\/jm-metropole.com.br\/site\/wp-json\/wp\/v2\/tags?post=25284"}],"curies":[{"name":"wp","href":"https:\/\/api.w.org\/{rel}","templated":true}]}}