{"id":25273,"date":"2025-06-04T15:16:00","date_gmt":"2025-06-04T18:16:00","guid":{"rendered":"https:\/\/jm-metropole.com.br\/site\/?p=25273"},"modified":"2025-06-04T15:16:00","modified_gmt":"2025-06-04T18:16:00","slug":"confira-a-programacao-oficial-da-aruja-fest-2025","status":"publish","type":"post","link":"https:\/\/jm-metropole.com.br\/site\/confira-a-programacao-oficial-da-aruja-fest-2025\/","title":{"rendered":"CONFIRA A PROGRAMA\u00c7\u00c3O OFICIAL DA ARUJ\u00c1 FEST 2025!"},"content":{"rendered":"<div>A festa mais esperada do ano j\u00e1 tem data, local e atra\u00e7\u00f5es confirmadas! A Aruj\u00e1 Fest 2025 acontece de 06 a 08 e de 13 a 15 de junho, no Espa\u00e7o de Eventos do Centro Residencial, em comemora\u00e7\u00e3o aos 173 anos da cidade. Ser\u00e3o seis dias de muita m\u00fasica, cultura e divers\u00e3o para toda a fam\u00edlia!<\/div>\n<div><\/div>\n<div>O evento contar\u00e1 com shows de grandes nomes da m\u00fasica brasileira, al\u00e9m de artistas locais que t\u00eam se destacado no cen\u00e1rio regional. A estrutura do espa\u00e7o foi pensada para oferecer conforto e seguran\u00e7a, com pra\u00e7a de alimenta\u00e7\u00e3o, parque de divers\u00f5es, pista coberta, camarotes, espa\u00e7o acolhedor para mulheres e pessoas com TEA, e presen\u00e7a garantida das for\u00e7as de seguran\u00e7a.<\/div>\n<div><\/div>\n<div>Confira a programa\u00e7\u00e3o:<\/div>\n<div><\/div>\n<div>\ud83d\udcc5 06 de junho \u2013 Sexta-feira<\/div>\n<div>\u202219h00 \u2013 Felipe Spinelli<\/div>\n<div>\u202220h30 \u2013 Sorta a P\u00f3rva<\/div>\n<div>\u202222h00 \u2013 Gustavo Miotto<\/div>\n<div><\/div>\n<div>\ud83d\udcc5 07 de junho \u2013 S\u00e1bado<\/div>\n<div>\u202219h00 \u2013 Binho Prado<\/div>\n<div>\u202220h30 \u2013 Silvia Oliver<\/div>\n<div>\u202222h00 \u2013 Ana Castela<\/div>\n<div><\/div>\n<div>\ud83d\udcc5 08 de junho \u2013 Domingo<\/div>\n<div>\u202217h00 \u2013 Pagode do Frango<\/div>\n<div>\u202218h30 \u2013 Andrea Laacorte<\/div>\n<div>\u202220h00 \u2013 Alexandre Pires<\/div>\n<div><\/div>\n<div>\ud83d\udcc5 13 de junho \u2013 Sexta-feira<\/div>\n<div>\u202219h00 \u2013 Alexman<\/div>\n<div>\u202220h30 \u2013 DJ \u00cdndio<\/div>\n<div>\u202222h00 \u2013 Dennis DJ<\/div>\n<div><\/div>\n<div>\ud83d\udcc5 14 de junho \u2013 S\u00e1bado<\/div>\n<div>\u202219h00 \u2013 Banda Digarage<\/div>\n<div>\u202220h30 \u2013 Bia Mattos<\/div>\n<div>\u202222h00 \u2013 Daniel<\/div>\n<div><\/div>\n<div>\ud83d\udcc5 15 de junho \u2013 Domingo<\/div>\n<div>\u202215h30 \u2013 100 Reca\u00edda<\/div>\n<div>\u202217h00 \u2013 Z\u00e9 Henrique &amp; Gabriel<\/div>\n<div><\/div>\n<div>Venha celebrar com a gente! Aruj\u00e1 est\u00e1 em festa e voc\u00ea \u00e9 nosso convidado especial! \ud83c\udf89<\/div>\n","protected":false},"excerpt":{"rendered":"<p>A festa mais esperada do ano j\u00e1 tem data, local e atra\u00e7\u00f5es confirmadas! A Aruj\u00e1 Fest 2025 acontece de 06 a 08 e de 13 a 15 de junho, no Espa\u00e7o de Eventos do Centro Residencial, em comemora\u00e7\u00e3o aos 173 anos da cidade. Ser\u00e3o seis dias de muita m\u00fasica, cultura e divers\u00e3o para toda a [&hellip;]<\/p>\n","protected":false},"author":1,"featured_media":25274,"comment_status":"open","ping_status":"open","sticky":false,"template":"","format":"standard","meta":{"footnotes":""},"categories":[4],"tags":[],"class_list":{"0":"post-25273","1":"post","2":"type-post","3":"status-publish","4":"format-standard","5":"has-post-thumbnail","7":"category-aruja"},"_links":{"self":[{"href":"https:\/\/jm-metropole.com.br\/site\/wp-json\/wp\/v2\/posts\/25273","targetHints":{"allow":["GET"]}}],"collection":[{"href":"https:\/\/jm-metropole.com.br\/site\/wp-json\/wp\/v2\/posts"}],"about":[{"href":"https:\/\/jm-metropole.com.br\/site\/wp-json\/wp\/v2\/types\/post"}],"author":[{"embeddable":true,"href":"https:\/\/jm-metropole.com.br\/site\/wp-json\/wp\/v2\/users\/1"}],"replies":[{"embeddable":true,"href":"https:\/\/jm-metropole.com.br\/site\/wp-json\/wp\/v2\/comments?post=25273"}],"version-history":[{"count":1,"href":"https:\/\/jm-metropole.com.br\/site\/wp-json\/wp\/v2\/posts\/25273\/revisions"}],"predecessor-version":[{"id":25275,"href":"https:\/\/jm-metropole.com.br\/site\/wp-json\/wp\/v2\/posts\/25273\/revisions\/25275"}],"wp:featuredmedia":[{"embeddable":true,"href":"https:\/\/jm-metropole.com.br\/site\/wp-json\/wp\/v2\/media\/25274"}],"wp:attachment":[{"href":"https:\/\/jm-metropole.com.br\/site\/wp-json\/wp\/v2\/media?parent=25273"}],"wp:term":[{"taxonomy":"category","embeddable":true,"href":"https:\/\/jm-metropole.com.br\/site\/wp-json\/wp\/v2\/categories?post=25273"},{"taxonomy":"post_tag","embeddable":true,"href":"https:\/\/jm-metropole.com.br\/site\/wp-json\/wp\/v2\/tags?post=25273"}],"curies":[{"name":"wp","href":"https:\/\/api.w.org\/{rel}","templated":true}]}}