{"id":25249,"date":"2025-06-04T08:49:39","date_gmt":"2025-06-04T11:49:39","guid":{"rendered":"https:\/\/jm-metropole.com.br\/site\/?p=25249"},"modified":"2025-06-04T08:49:39","modified_gmt":"2025-06-04T11:49:39","slug":"praca-da-cidadania-de-itaquaquecetuba-e-aberta-ao-publico","status":"publish","type":"post","link":"https:\/\/jm-metropole.com.br\/site\/praca-da-cidadania-de-itaquaquecetuba-e-aberta-ao-publico\/","title":{"rendered":"Pra\u00e7a da Cidadania de Itaquaquecetuba \u00e9 aberta ao p\u00fablico"},"content":{"rendered":"<p>Equipamento oferece cursos, \u00e1rea de conviv\u00eancia, esporte e lazer<\/p>\n<p>O Fundo Social de S\u00e3o Paulo, junto ao Fundo Social de Solidariedade de Itaquaquecetuba, realizaram nesta ter\u00e7a-feira (3) a abertura da Pra\u00e7a da Cidadania no Parque Marengo. O equipamento abarca um complexo com cursos de qualifica\u00e7\u00e3o profissional, espa\u00e7o de conviv\u00eancia, esporte e lazer.<\/p>\n<p>A cerim\u00f4nia contou com a presen\u00e7a do governador Tarc\u00edsio de Freitas, da primeira-dama e presidente do Fundo Social de SP, Cristiane Freitas, do prefeito Eduardo Boigues, da primeira-dama do munic\u00edpio e presidente do Fundo Social, Mila Boigues, e demais autoridades do munic\u00edpio e Alto Tiet\u00ea.<\/p>\n<p>Localizado na avenida Gon\u00e7alves Dias, a estrutura tem 5.425 m\u00b2 e recebeu investimento de R$ 4,4 milh\u00f5es do Fundo Social de S\u00e3o Paulo. \u201cA Pra\u00e7a da Cidadania \u00e9 mais que um espa\u00e7o p\u00fablico: ser\u00e1 um lugar de experi\u00eancia e novas amizades. Crian\u00e7as v\u00e3o brincar e crescer, e desejo que voc\u00eas cuidem desse lugar como cuidam da casa de voc\u00eas, com carinho, zelo e orgulho\u201d, disse a primeira-dama do munic\u00edpio.<\/p>\n<p>A escola de qualifica\u00e7\u00e3o profissional tem capacidade para atender 85 alunos por turno nas \u00e1reas de gastronomia, beleza e bem-estar, moda e arte, inform\u00e1tica, administra\u00e7\u00e3o e constru\u00e7\u00e3o civil. H\u00e1 ainda Banco do Povo\/CIC, salas multiuso, copa, lavanderia, dep\u00f3sito, almoxarifado, sanit\u00e1rios, \u00e1rea t\u00e9cnica, horta comunit\u00e1ria e canteiro da escola de constru\u00e7\u00e3o civil.<\/p>\n<p>Na parte externa foram constru\u00eddas quadras poliesportiva e de basquete 3&#215;3, academia ao ar livre, parquinho infantil, pistas de caminhada e de skate e \u00e1rea de jogos com ilumina\u00e7\u00e3o de LED e piso semiperme\u00e1vel. O edif\u00edcio da escola de qualifica\u00e7\u00e3o, inclusive, conta com sistema de capta\u00e7\u00e3o e reaproveitamento da \u00e1gua da chuva.<\/p>\n<p>\u201cEstamos entregando hoje um grande equipamento na \u00e1rea da cultura, lazer, esporte e principalmente de profissionaliza\u00e7\u00e3o para capacitar o cidad\u00e3o itaquaquecetubense e permitir que ele seja empregado na cidade, gerando receita ao munic\u00edpio. Quem ganha s\u00e3o os jovens que v\u00e3o estudar e trabalhar perto de suas fam\u00edlias\u201d, acrescentou o prefeito.<\/p>\n<p>\u201c\u00c9 com muita alegria que participo dessa realidade, um lugar que ser\u00e1 para essa comunidade um espa\u00e7o de lazer, conviv\u00eancia e capacita\u00e7\u00e3o, que tem como objetivo levar habilidades e ferramentas para os alunos terem como se inserir no mercado de trabalho. O que importa \u00e9 que a cada curso os alunos possam ter uma nova perspectiva de futuro porque a transforma\u00e7\u00e3o social s\u00f3 acontece quando oferecemos oportunidades reais \u00e0s pessoas\u201d, destacou a primeira-dama do estado.<\/p>\n<p>\u201cEsse \u00e9 um local de capacita\u00e7\u00e3o, de desenvolvimento de habilidades e compet\u00eancias. N\u00f3s acreditamos na inclus\u00e3o produtiva, na supera\u00e7\u00e3o das dificuldades por meio da inclus\u00e3o e do trabalho. Aproveitem a oportunidade ao redor de voc\u00eas. Estamos felizes em entregar esse equipamento para Itaqu\u00e1\u201d, completou o governador.<\/p>\n<p>Fotos: Dayane Oliveira<\/p>\n","protected":false},"excerpt":{"rendered":"<p>Equipamento oferece cursos, \u00e1rea de conviv\u00eancia, esporte e lazer O Fundo Social de S\u00e3o Paulo, junto ao Fundo Social de Solidariedade de Itaquaquecetuba, realizaram nesta ter\u00e7a-feira (3) a abertura da Pra\u00e7a da Cidadania no Parque Marengo. O equipamento abarca um complexo com cursos de qualifica\u00e7\u00e3o profissional, espa\u00e7o de conviv\u00eancia, esporte e lazer. A cerim\u00f4nia contou [&hellip;]<\/p>\n","protected":false},"author":1,"featured_media":25250,"comment_status":"open","ping_status":"open","sticky":false,"template":"","format":"standard","meta":{"footnotes":""},"categories":[6],"tags":[],"class_list":{"0":"post-25249","1":"post","2":"type-post","3":"status-publish","4":"format-standard","5":"has-post-thumbnail","7":"category-itaqua"},"_links":{"self":[{"href":"https:\/\/jm-metropole.com.br\/site\/wp-json\/wp\/v2\/posts\/25249","targetHints":{"allow":["GET"]}}],"collection":[{"href":"https:\/\/jm-metropole.com.br\/site\/wp-json\/wp\/v2\/posts"}],"about":[{"href":"https:\/\/jm-metropole.com.br\/site\/wp-json\/wp\/v2\/types\/post"}],"author":[{"embeddable":true,"href":"https:\/\/jm-metropole.com.br\/site\/wp-json\/wp\/v2\/users\/1"}],"replies":[{"embeddable":true,"href":"https:\/\/jm-metropole.com.br\/site\/wp-json\/wp\/v2\/comments?post=25249"}],"version-history":[{"count":1,"href":"https:\/\/jm-metropole.com.br\/site\/wp-json\/wp\/v2\/posts\/25249\/revisions"}],"predecessor-version":[{"id":25251,"href":"https:\/\/jm-metropole.com.br\/site\/wp-json\/wp\/v2\/posts\/25249\/revisions\/25251"}],"wp:featuredmedia":[{"embeddable":true,"href":"https:\/\/jm-metropole.com.br\/site\/wp-json\/wp\/v2\/media\/25250"}],"wp:attachment":[{"href":"https:\/\/jm-metropole.com.br\/site\/wp-json\/wp\/v2\/media?parent=25249"}],"wp:term":[{"taxonomy":"category","embeddable":true,"href":"https:\/\/jm-metropole.com.br\/site\/wp-json\/wp\/v2\/categories?post=25249"},{"taxonomy":"post_tag","embeddable":true,"href":"https:\/\/jm-metropole.com.br\/site\/wp-json\/wp\/v2\/tags?post=25249"}],"curies":[{"name":"wp","href":"https:\/\/api.w.org\/{rel}","templated":true}]}}