{"id":25236,"date":"2025-05-29T14:19:12","date_gmt":"2025-05-29T17:19:12","guid":{"rendered":"https:\/\/jm-metropole.com.br\/site\/?p=25236"},"modified":"2025-05-29T14:22:44","modified_gmt":"2025-05-29T17:22:44","slug":"sancionada-lei-que-cria-politica-de-protecao-a-pessoas-com-albinismo","status":"publish","type":"post","link":"https:\/\/jm-metropole.com.br\/site\/sancionada-lei-que-cria-politica-de-protecao-a-pessoas-com-albinismo\/","title":{"rendered":"Sancionada lei que cria pol\u00edtica de prote\u00e7\u00e3o a pessoas com albinismo"},"content":{"rendered":"<div class=\"header-noticia full-width\">\n<div class=\"linha-fina-noticia\">Condi\u00e7\u00e3o \u00e9 gen\u00e9tica e impede defesa do indiv\u00edduo da exposi\u00e7\u00e3o ao sol<\/div>\n<\/div>\n<div class=\"container-autoria\"><\/div>\n<div>\n<p><strong>O presidente Luiz In\u00e1cio Lula da Silva sancionou a Lei n\u00ba 15.140 que institui a Pol\u00edtica Nacional de Prote\u00e7\u00e3o dos Direitos da Pessoa com Albinismo.\u00a0<\/strong><img decoding=\"async\" src=\"https:\/\/agenciabrasil.ebc.com.br\/ebc.png?id=1644775&amp;o=node\" \/><img decoding=\"async\" src=\"https:\/\/agenciabrasil.ebc.com.br\/ebc.gif?id=1644775&amp;o=node\" \/><\/p>\n<p><a href=\"https:\/\/www.in.gov.br\/en\/web\/dou\/-\/lei-n-15.140-de-28-de-maio-de-2025-632506725\" target=\"_blank\" rel=\"noopener\">A norma entra em vigor nesta quinta-feira (29), data em que foi publicada no\u00a0<em>Di\u00e1rio Oficial da Uni\u00e3o<\/em>.<\/a><\/p>\n<p>De acordo com o documento, \u00e9 considerada pessoa com albinismo quem tem dist\u00farbios classificados no C\u00f3digo E70.3 da Classifica\u00e7\u00e3o Estat\u00edstica Internacional de Doen\u00e7as e Problemas Relacionados \u00e0 Sa\u00fade (CID-10).<\/p>\n<h2>Entenda<\/h2>\n<p><strong>A Sociedade Brasileira de Dermatologia (SBD) define o albinismo como a incapacidade do indiv\u00edduo de produzir melanina, uma esp\u00e9cie de filtro solar natural que d\u00e1 cor \u00e0 pele, aos pelos, aos cabelos e aos olhos.<\/strong><\/p>\n<p>A condi\u00e7\u00e3o, classificada como gen\u00e9tica e heredit\u00e1ria, n\u00e3o permite que a pessoa se defenda da exposi\u00e7\u00e3o ao sol. A consequ\u00eancia imediata \u00e9 a queimadura solar, que afeta principalmente crian\u00e7as, j\u00e1 que, na inf\u00e2ncia, o controle \u00e0 exposi\u00e7\u00e3o \u00e9 mais dif\u00edcil.<\/p>\n<blockquote><p>\u201cSem a preven\u00e7\u00e3o, os pacientes envelhecem precocemente e podem desenvolver c\u00e2nceres de pele agressivos antes dos 30 anos de idade\u201d, alerta a entidade.<\/p><\/blockquote>\n<h2>Caracter\u00edsticas<\/h2>\n<p>A escassez ou a aus\u00eancia completa da melanina pode afetar a pele, deixando-a em tons diferentes, do branco ao marrom. Os cabelos tamb\u00e9m variam de muito brancos a castanho, loiro ou ruivo.<\/p>\n<p>J\u00e1 nos olhos, as cores podem variar do azul muito claro ao castanho e, assim como a cor da pele e do cabelo, podem mudar conforme a idade. Tamb\u00e9m podem ocorrer sintomas relacionados \u00e0 vis\u00e3o, como movimento r\u00e1pido e involunt\u00e1rio (nistagmo), estrabismo, miopia, hipermetropia e fotofobia.<\/p>\n<h2>Diagn\u00f3stico<\/h2>\n<p>De acordo com a\u00a0Sociedade Brasileira de Dermatologia, o diagn\u00f3stico \u00e9 feito pelo m\u00e9dico dermatologista e pelo oftalmologista.<\/p>\n<p>Atrav\u00e9s da hist\u00f3ria cl\u00ednica, avalia\u00e7\u00e3o dermatol\u00f3gica e exame da retina, \u00e9 poss\u00edvel chegar \u00e0 conclus\u00e3o diagn\u00f3stica, embora o diagn\u00f3stico de certeza do albinismo seja [obtido] somente por meio da pesquisa gen\u00e9tica, diz a entidade.<\/p>\n<h2>Tratamento e cuidados<\/h2>\n<p>Para evitar uma das principais complica\u00e7\u00f5es do albinismo, o c\u00e2ncer de pele, a orienta\u00e7\u00e3o \u00e9 manter consultas de rotina com o dermatologista para acompanhar sinais e sintomas, buscando detectar, de forma precoce, o ind\u00edcio do surgimento de les\u00f5es.<\/p>\n<p>Tamb\u00e9m \u00e9 preciso manter as avalia\u00e7\u00f5es oftalmol\u00f3gicas.<\/p>\n<p>\u201cExistem ainda medidas de autocuidado essenciais para evitar complica\u00e7\u00f5es, como garantir o uso de filtro solar e evitar a exposi\u00e7\u00e3o direta ao sol. O uso de roupas compridas deve ser priorizado, assim como os \u00f3culos escuros que contenham prote\u00e7\u00e3o contra os raios UVA e UVB\u201d, destacou a Sociedade Brasileira de Dermatologia.<\/p>\n<p>*Com informa\u00e7\u00f5es de Ag\u00eancia Brasil<\/p>\n<\/div>\n","protected":false},"excerpt":{"rendered":"<p>Condi\u00e7\u00e3o \u00e9 gen\u00e9tica e impede defesa do indiv\u00edduo da exposi\u00e7\u00e3o ao sol O presidente Luiz In\u00e1cio Lula da Silva sancionou a Lei n\u00ba 15.140 que institui a Pol\u00edtica Nacional de Prote\u00e7\u00e3o dos Direitos da Pessoa com Albinismo.\u00a0 A norma entra em vigor nesta quinta-feira (29), data em que foi publicada no\u00a0Di\u00e1rio Oficial da Uni\u00e3o. De [&hellip;]<\/p>\n","protected":false},"author":1,"featured_media":25237,"comment_status":"open","ping_status":"open","sticky":false,"template":"","format":"standard","meta":{"footnotes":""},"categories":[48],"tags":[],"class_list":{"0":"post-25236","1":"post","2":"type-post","3":"status-publish","4":"format-standard","5":"has-post-thumbnail","7":"category-geral"},"_links":{"self":[{"href":"https:\/\/jm-metropole.com.br\/site\/wp-json\/wp\/v2\/posts\/25236","targetHints":{"allow":["GET"]}}],"collection":[{"href":"https:\/\/jm-metropole.com.br\/site\/wp-json\/wp\/v2\/posts"}],"about":[{"href":"https:\/\/jm-metropole.com.br\/site\/wp-json\/wp\/v2\/types\/post"}],"author":[{"embeddable":true,"href":"https:\/\/jm-metropole.com.br\/site\/wp-json\/wp\/v2\/users\/1"}],"replies":[{"embeddable":true,"href":"https:\/\/jm-metropole.com.br\/site\/wp-json\/wp\/v2\/comments?post=25236"}],"version-history":[{"count":1,"href":"https:\/\/jm-metropole.com.br\/site\/wp-json\/wp\/v2\/posts\/25236\/revisions"}],"predecessor-version":[{"id":25238,"href":"https:\/\/jm-metropole.com.br\/site\/wp-json\/wp\/v2\/posts\/25236\/revisions\/25238"}],"wp:featuredmedia":[{"embeddable":true,"href":"https:\/\/jm-metropole.com.br\/site\/wp-json\/wp\/v2\/media\/25237"}],"wp:attachment":[{"href":"https:\/\/jm-metropole.com.br\/site\/wp-json\/wp\/v2\/media?parent=25236"}],"wp:term":[{"taxonomy":"category","embeddable":true,"href":"https:\/\/jm-metropole.com.br\/site\/wp-json\/wp\/v2\/categories?post=25236"},{"taxonomy":"post_tag","embeddable":true,"href":"https:\/\/jm-metropole.com.br\/site\/wp-json\/wp\/v2\/tags?post=25236"}],"curies":[{"name":"wp","href":"https:\/\/api.w.org\/{rel}","templated":true}]}}