{"id":25227,"date":"2025-05-29T14:00:42","date_gmt":"2025-05-29T17:00:42","guid":{"rendered":"https:\/\/jm-metropole.com.br\/site\/?p=25227"},"modified":"2025-05-29T14:00:42","modified_gmt":"2025-05-29T17:00:42","slug":"4a-conferencia-da-igualdade-racial-comeca-nesta-sexta-feira-no-adamastor","status":"publish","type":"post","link":"https:\/\/jm-metropole.com.br\/site\/4a-conferencia-da-igualdade-racial-comeca-nesta-sexta-feira-no-adamastor\/","title":{"rendered":"4\u00aa Confer\u00eancia da Igualdade Racial come\u00e7a nesta sexta-feira no Adamastor"},"content":{"rendered":"<p>Como continuidade das a\u00e7\u00f5es voltadas ao fortalecimento das pol\u00edticas p\u00fablicas, a Prefeitura de Guarulhos realizar\u00e1 na sexta-feira (30) e no s\u00e1bado (31) a 4\u00aa Confer\u00eancia Regional de Promo\u00e7\u00e3o da Igualdade Racial, no Sal\u00e3o de Artes do CME Adamastor (avenida Monteiro Lobato, 734, Macedo).<\/p>\n<p>A abertura oficial ser\u00e1 na sexta-feira, \u00e0s 18h30, com apresenta\u00e7\u00e3o cultural da Orquestra do Conservat\u00f3rio Municipal, seguida da exposi\u00e7\u00e3o de empreendedores locais. No s\u00e1bado, os debates prosseguem das 8h \u00e0s 18h em salas tem\u00e1ticas dedicadas a eixos estrat\u00e9gicos de discuss\u00e3o e formula\u00e7\u00e3o de pol\u00edticas p\u00fablicas. As inscri\u00e7\u00f5es est\u00e3o abertas e podem ser feitas pelo link: https:\/\/bit.ly\/CRPIR_GRU.<\/p>\n<p>Imagem: F\u00e1bio Nunes Teixeira\/PMG<\/p>\n","protected":false},"excerpt":{"rendered":"<p>Como continuidade das a\u00e7\u00f5es voltadas ao fortalecimento das pol\u00edticas p\u00fablicas, a Prefeitura de Guarulhos realizar\u00e1 na sexta-feira (30) e no s\u00e1bado (31) a 4\u00aa Confer\u00eancia Regional de Promo\u00e7\u00e3o da Igualdade Racial, no Sal\u00e3o de Artes do CME Adamastor (avenida Monteiro Lobato, 734, Macedo). A abertura oficial ser\u00e1 na sexta-feira, \u00e0s 18h30, com apresenta\u00e7\u00e3o cultural da [&hellip;]<\/p>\n","protected":false},"author":1,"featured_media":25228,"comment_status":"open","ping_status":"open","sticky":false,"template":"","format":"standard","meta":{"footnotes":""},"categories":[3],"tags":[],"class_list":{"0":"post-25227","1":"post","2":"type-post","3":"status-publish","4":"format-standard","5":"has-post-thumbnail","7":"category-guarulhos"},"_links":{"self":[{"href":"https:\/\/jm-metropole.com.br\/site\/wp-json\/wp\/v2\/posts\/25227","targetHints":{"allow":["GET"]}}],"collection":[{"href":"https:\/\/jm-metropole.com.br\/site\/wp-json\/wp\/v2\/posts"}],"about":[{"href":"https:\/\/jm-metropole.com.br\/site\/wp-json\/wp\/v2\/types\/post"}],"author":[{"embeddable":true,"href":"https:\/\/jm-metropole.com.br\/site\/wp-json\/wp\/v2\/users\/1"}],"replies":[{"embeddable":true,"href":"https:\/\/jm-metropole.com.br\/site\/wp-json\/wp\/v2\/comments?post=25227"}],"version-history":[{"count":1,"href":"https:\/\/jm-metropole.com.br\/site\/wp-json\/wp\/v2\/posts\/25227\/revisions"}],"predecessor-version":[{"id":25229,"href":"https:\/\/jm-metropole.com.br\/site\/wp-json\/wp\/v2\/posts\/25227\/revisions\/25229"}],"wp:featuredmedia":[{"embeddable":true,"href":"https:\/\/jm-metropole.com.br\/site\/wp-json\/wp\/v2\/media\/25228"}],"wp:attachment":[{"href":"https:\/\/jm-metropole.com.br\/site\/wp-json\/wp\/v2\/media?parent=25227"}],"wp:term":[{"taxonomy":"category","embeddable":true,"href":"https:\/\/jm-metropole.com.br\/site\/wp-json\/wp\/v2\/categories?post=25227"},{"taxonomy":"post_tag","embeddable":true,"href":"https:\/\/jm-metropole.com.br\/site\/wp-json\/wp\/v2\/tags?post=25227"}],"curies":[{"name":"wp","href":"https:\/\/api.w.org\/{rel}","templated":true}]}}