{"id":25224,"date":"2025-05-29T10:16:12","date_gmt":"2025-05-29T13:16:12","guid":{"rendered":"https:\/\/jm-metropole.com.br\/site\/?p=25224"},"modified":"2025-05-29T10:16:12","modified_gmt":"2025-05-29T13:16:12","slug":"taxa-de-desemprego-fica-em-66-no-trimestre-encerrado-em-abril","status":"publish","type":"post","link":"https:\/\/jm-metropole.com.br\/site\/taxa-de-desemprego-fica-em-66-no-trimestre-encerrado-em-abril\/","title":{"rendered":"Taxa de desemprego fica em 6,6% no trimestre encerrado em abril"},"content":{"rendered":"<div class=\"header-noticia full-width\">\n<div class=\"linha-fina-noticia\">\u00cdndice n\u00e3o apresentou varia\u00e7\u00e3o em rela\u00e7\u00e3o ao trimestre anterior<\/div>\n<\/div>\n<div class=\"container-autoria\"><\/div>\n<div>\n<p>A taxa de desocupa\u00e7\u00e3o, tamb\u00e9m conhecida como\u00a0<strong>taxa de desemprego, ficou em 6,6% no trimestre finalizado em abril deste ano<\/strong>. O \u00edndice n\u00e3o apresentou varia\u00e7\u00e3o estat\u00edstica em rela\u00e7\u00e3o ao trimestre anterior, encerrado em janeiro deste ano (6,5%), mas recuou em rela\u00e7\u00e3o ao trimestre finalizado em abril de 2024 (7,5%).<img decoding=\"async\" src=\"https:\/\/agenciabrasil.ebc.com.br\/ebc.png?id=1644712&amp;o=node\" \/><img decoding=\"async\" src=\"https:\/\/agenciabrasil.ebc.com.br\/ebc.gif?id=1644712&amp;o=node\" \/><\/p>\n<p>Os dados s\u00e3o da\u00a0<strong>Pesquisa Nacional por Amostra de Domic\u00edlios (Pnad) Cont\u00ednua, divulgada nesta quinta-feira (29), pelo Instituto Brasileiro de Geografia e Estat\u00edstica (IBGE).<\/strong><\/p>\n<p>De acordo com o IBGE, a\u00a0<strong>popula\u00e7\u00e3o desocupada, ou seja, aquela que procurou emprego e n\u00e3o conseguiu, chega a 7,3 milh\u00f5es de pessoas, mantendo-se est\u00e1vel na compara\u00e7\u00e3o trimestral<\/strong>\u00a0(com o trimestre encerrado em janeiro deste ano) e\u00a0<strong>caindo 11,5% (menos 941 mil pessoas) na compara\u00e7\u00e3o anual<\/strong>\u00a0(com o trimestre encerrado em abril do ano passado).<\/p>\n<p>A\u00a0<strong>popula\u00e7\u00e3o ocupada (103,3 milh\u00f5es) tamb\u00e9m se manteve est\u00e1vel na compara\u00e7\u00e3o trimestral, mas cresceu 2,4 %<\/strong>\u00a0(mais 2,4 milh\u00f5es de pessoas) no ano. O n\u00edvel de ocupa\u00e7\u00e3o, isto \u00e9, o percentual de\u00a0<strong>pessoas ocupadas em rela\u00e7\u00e3o \u00e0 popula\u00e7\u00e3o em idade de trabalhar, ficou em 58,2%, est\u00e1vel na compara\u00e7\u00e3o trimestral e maior na compara\u00e7\u00e3o anual (57,3%).<\/strong><\/p>\n<p>O rendimento m\u00e9dio mensal habitual do trabalhador ficou em R$ 3.246, mostrando estabilidade na compara\u00e7\u00e3o trimestral e crescimento de 3,2% no ano (R$ 3.319).<\/p>\n<p>*Com informa\u00e7\u00f5es de Ag\u00eancia Brasil<\/p>\n<\/div>\n","protected":false},"excerpt":{"rendered":"<p>\u00cdndice n\u00e3o apresentou varia\u00e7\u00e3o em rela\u00e7\u00e3o ao trimestre anterior A taxa de desocupa\u00e7\u00e3o, tamb\u00e9m conhecida como\u00a0taxa de desemprego, ficou em 6,6% no trimestre finalizado em abril deste ano. O \u00edndice n\u00e3o apresentou varia\u00e7\u00e3o estat\u00edstica em rela\u00e7\u00e3o ao trimestre anterior, encerrado em janeiro deste ano (6,5%), mas recuou em rela\u00e7\u00e3o ao trimestre finalizado em abril de [&hellip;]<\/p>\n","protected":false},"author":1,"featured_media":25225,"comment_status":"open","ping_status":"open","sticky":false,"template":"","format":"standard","meta":{"footnotes":""},"categories":[48],"tags":[],"class_list":{"0":"post-25224","1":"post","2":"type-post","3":"status-publish","4":"format-standard","5":"has-post-thumbnail","7":"category-geral"},"_links":{"self":[{"href":"https:\/\/jm-metropole.com.br\/site\/wp-json\/wp\/v2\/posts\/25224","targetHints":{"allow":["GET"]}}],"collection":[{"href":"https:\/\/jm-metropole.com.br\/site\/wp-json\/wp\/v2\/posts"}],"about":[{"href":"https:\/\/jm-metropole.com.br\/site\/wp-json\/wp\/v2\/types\/post"}],"author":[{"embeddable":true,"href":"https:\/\/jm-metropole.com.br\/site\/wp-json\/wp\/v2\/users\/1"}],"replies":[{"embeddable":true,"href":"https:\/\/jm-metropole.com.br\/site\/wp-json\/wp\/v2\/comments?post=25224"}],"version-history":[{"count":1,"href":"https:\/\/jm-metropole.com.br\/site\/wp-json\/wp\/v2\/posts\/25224\/revisions"}],"predecessor-version":[{"id":25226,"href":"https:\/\/jm-metropole.com.br\/site\/wp-json\/wp\/v2\/posts\/25224\/revisions\/25226"}],"wp:featuredmedia":[{"embeddable":true,"href":"https:\/\/jm-metropole.com.br\/site\/wp-json\/wp\/v2\/media\/25225"}],"wp:attachment":[{"href":"https:\/\/jm-metropole.com.br\/site\/wp-json\/wp\/v2\/media?parent=25224"}],"wp:term":[{"taxonomy":"category","embeddable":true,"href":"https:\/\/jm-metropole.com.br\/site\/wp-json\/wp\/v2\/categories?post=25224"},{"taxonomy":"post_tag","embeddable":true,"href":"https:\/\/jm-metropole.com.br\/site\/wp-json\/wp\/v2\/tags?post=25224"}],"curies":[{"name":"wp","href":"https:\/\/api.w.org\/{rel}","templated":true}]}}