{"id":25215,"date":"2025-05-29T09:41:21","date_gmt":"2025-05-29T12:41:21","guid":{"rendered":"https:\/\/jm-metropole.com.br\/site\/?p=25215"},"modified":"2025-05-29T09:41:21","modified_gmt":"2025-05-29T12:41:21","slug":"guarulhos-se-prepara-para-a-primeira-grande-onda-de-frio-de-2025","status":"publish","type":"post","link":"https:\/\/jm-metropole.com.br\/site\/guarulhos-se-prepara-para-a-primeira-grande-onda-de-frio-de-2025\/","title":{"rendered":"Guarulhos se prepara para a primeira grande onda de frio de 2025"},"content":{"rendered":"<p>Uma intensa massa de ar polar avan\u00e7a pelo Brasil e marca a chegada da primeira onda de frio de 2025. A frente fria come\u00e7a a ganhar for\u00e7a a partir desta quinta-feira (29), com previs\u00e3o de baixas temperaturas at\u00e9 pelo menos a pr\u00f3xima ter\u00e7a-feira (3).<\/p>\n<p>Em Guarulhos, os reflexos dessa onda de frio j\u00e1 come\u00e7aram a ser sentidos em fun\u00e7\u00e3o dos ventos fortes e da queda de temperatura j\u00e1 na tarde desta quarta. A previs\u00e3o do tempo indica m\u00ednima de 11 graus na quinta e de apenas 9 graus na sexta.<\/p>\n<p>A Coordenadoria de Prote\u00e7\u00e3o e Defesa Civil segue em alerta, monitorando as atualiza\u00e7\u00f5es dos institutos meteorol\u00f3gicos e atuando em emerg\u00eancias relacionadas a quedas bruscas de temperatura.<\/p>\n<p>Guarulhense, agasalhe-se bem e evite a exposi\u00e7\u00e3o prolongada ao frio. Redobre os cuidados com crian\u00e7as, idosos e pessoas em situa\u00e7\u00e3o de vulnerabilidade, al\u00e9m dos animais de estima\u00e7\u00e3o. Comunique aos servi\u00e7os municipais casos de pessoas desabrigadas.<\/p>\n<p>Em caso de emerg\u00eancia, a popula\u00e7\u00e3o pode entrar em contato com a Defesa Civil pelo telefone 199 ou com o servi\u00e7o de abordagem social pelos telefones (11) 2536-4110 e (11) 2087-7400 (WhatsApp).<\/p>\n<p>&nbsp;<\/p>\n","protected":false},"excerpt":{"rendered":"<p>Uma intensa massa de ar polar avan\u00e7a pelo Brasil e marca a chegada da primeira onda de frio de 2025. A frente fria come\u00e7a a ganhar for\u00e7a a partir desta quinta-feira (29), com previs\u00e3o de baixas temperaturas at\u00e9 pelo menos a pr\u00f3xima ter\u00e7a-feira (3). Em Guarulhos, os reflexos dessa onda de frio j\u00e1 come\u00e7aram a [&hellip;]<\/p>\n","protected":false},"author":1,"featured_media":25216,"comment_status":"open","ping_status":"open","sticky":false,"template":"","format":"standard","meta":{"footnotes":""},"categories":[3],"tags":[],"class_list":{"0":"post-25215","1":"post","2":"type-post","3":"status-publish","4":"format-standard","5":"has-post-thumbnail","7":"category-guarulhos"},"_links":{"self":[{"href":"https:\/\/jm-metropole.com.br\/site\/wp-json\/wp\/v2\/posts\/25215","targetHints":{"allow":["GET"]}}],"collection":[{"href":"https:\/\/jm-metropole.com.br\/site\/wp-json\/wp\/v2\/posts"}],"about":[{"href":"https:\/\/jm-metropole.com.br\/site\/wp-json\/wp\/v2\/types\/post"}],"author":[{"embeddable":true,"href":"https:\/\/jm-metropole.com.br\/site\/wp-json\/wp\/v2\/users\/1"}],"replies":[{"embeddable":true,"href":"https:\/\/jm-metropole.com.br\/site\/wp-json\/wp\/v2\/comments?post=25215"}],"version-history":[{"count":1,"href":"https:\/\/jm-metropole.com.br\/site\/wp-json\/wp\/v2\/posts\/25215\/revisions"}],"predecessor-version":[{"id":25217,"href":"https:\/\/jm-metropole.com.br\/site\/wp-json\/wp\/v2\/posts\/25215\/revisions\/25217"}],"wp:featuredmedia":[{"embeddable":true,"href":"https:\/\/jm-metropole.com.br\/site\/wp-json\/wp\/v2\/media\/25216"}],"wp:attachment":[{"href":"https:\/\/jm-metropole.com.br\/site\/wp-json\/wp\/v2\/media?parent=25215"}],"wp:term":[{"taxonomy":"category","embeddable":true,"href":"https:\/\/jm-metropole.com.br\/site\/wp-json\/wp\/v2\/categories?post=25215"},{"taxonomy":"post_tag","embeddable":true,"href":"https:\/\/jm-metropole.com.br\/site\/wp-json\/wp\/v2\/tags?post=25215"}],"curies":[{"name":"wp","href":"https:\/\/api.w.org\/{rel}","templated":true}]}}