{"id":25203,"date":"2025-05-28T09:39:28","date_gmt":"2025-05-28T12:39:28","guid":{"rendered":"https:\/\/jm-metropole.com.br\/site\/?p=25203"},"modified":"2025-05-28T09:39:28","modified_gmt":"2025-05-28T12:39:28","slug":"santa-isabel-lanca-a-4a-edicao-dos-jogos-olimpicos-isabelenses-com-participacao-recorde","status":"publish","type":"post","link":"https:\/\/jm-metropole.com.br\/site\/santa-isabel-lanca-a-4a-edicao-dos-jogos-olimpicos-isabelenses-com-participacao-recorde\/","title":{"rendered":"Santa Isabel lan\u00e7a a 4\u00aa edi\u00e7\u00e3o dos Jogos Ol\u00edmpicos Isabelenses com participa\u00e7\u00e3o recorde"},"content":{"rendered":"<p>Na manh\u00e3 desta ter\u00e7a-feira (27), a Prefeitura de Santa Isabel realizou o lan\u00e7amento oficial da 4\u00aa edi\u00e7\u00e3o dos Jogos Ol\u00edmpicos Isabelenses, nas depend\u00eancias do Centro Recreativo Esportivo (antigo Viola Dourada). O evento, promovido em parceria pelas secretarias de Esportes e Educa\u00e7\u00e3o, reunir\u00e1 cerca de 1.200 participantes entre os dias 4 e 16 de agosto.<\/p>\n<p>J\u00e1 consolidado no calend\u00e1rio esportivo e educacional do munic\u00edpio, os Jogos Ol\u00edmpicos Isabelenses t\u00eam como objetivo incentivar a pr\u00e1tica esportiva, promover a integra\u00e7\u00e3o entre as escolas e valorizar o esp\u00edrito de equipe e cidadania entre os jovens. Neste ano, a grande novidade \u00e9 a parceria com a Diretoria de Ensino de Jacare\u00ed, que permitir\u00e1 a participa\u00e7\u00e3o dos alunos da rede estadual de ensino de Santa Isabel pela primeira vez.<\/p>\n<p>O evento de lan\u00e7amento contou com a presen\u00e7a de autoridades municipais, prefeito e secret\u00e1rios de cidades vizinhas como Igarat\u00e1 e Jacare\u00ed, al\u00e9m de representantes das escolas participantes. Entre os momentos mais marcantes da cerim\u00f4nia estiveram a entrada simb\u00f3lica da tocha ol\u00edmpica, apresenta\u00e7\u00f5es de dan\u00e7a com crian\u00e7as e uma exibi\u00e7\u00e3o especial da equipe de v\u00f4lei adaptado.<\/p>\n<p>Durante o encontro, os t\u00e9cnicos das equipes receberam kits contendo camiseta, mochila e squeeze personalizados. Tamb\u00e9m foi realizado o sorteio das chaves que definem os confrontos entre as equipes ao longo da competi\u00e7\u00e3o.<\/p>\n<p>A Prefeitura refor\u00e7a o convite para que a popula\u00e7\u00e3o prestigie os jogos e celebre, junto aos alunos e professores, mais uma edi\u00e7\u00e3o dessa grande festa do esporte e da educa\u00e7\u00e3o em Santa Isabel.<\/p>\n","protected":false},"excerpt":{"rendered":"<p>Na manh\u00e3 desta ter\u00e7a-feira (27), a Prefeitura de Santa Isabel realizou o lan\u00e7amento oficial da 4\u00aa edi\u00e7\u00e3o dos Jogos Ol\u00edmpicos Isabelenses, nas depend\u00eancias do Centro Recreativo Esportivo (antigo Viola Dourada). O evento, promovido em parceria pelas secretarias de Esportes e Educa\u00e7\u00e3o, reunir\u00e1 cerca de 1.200 participantes entre os dias 4 e 16 de agosto. J\u00e1 [&hellip;]<\/p>\n","protected":false},"author":1,"featured_media":25204,"comment_status":"open","ping_status":"open","sticky":false,"template":"","format":"standard","meta":{"footnotes":""},"categories":[5],"tags":[],"class_list":{"0":"post-25203","1":"post","2":"type-post","3":"status-publish","4":"format-standard","5":"has-post-thumbnail","7":"category-santa-isabel"},"_links":{"self":[{"href":"https:\/\/jm-metropole.com.br\/site\/wp-json\/wp\/v2\/posts\/25203","targetHints":{"allow":["GET"]}}],"collection":[{"href":"https:\/\/jm-metropole.com.br\/site\/wp-json\/wp\/v2\/posts"}],"about":[{"href":"https:\/\/jm-metropole.com.br\/site\/wp-json\/wp\/v2\/types\/post"}],"author":[{"embeddable":true,"href":"https:\/\/jm-metropole.com.br\/site\/wp-json\/wp\/v2\/users\/1"}],"replies":[{"embeddable":true,"href":"https:\/\/jm-metropole.com.br\/site\/wp-json\/wp\/v2\/comments?post=25203"}],"version-history":[{"count":1,"href":"https:\/\/jm-metropole.com.br\/site\/wp-json\/wp\/v2\/posts\/25203\/revisions"}],"predecessor-version":[{"id":25205,"href":"https:\/\/jm-metropole.com.br\/site\/wp-json\/wp\/v2\/posts\/25203\/revisions\/25205"}],"wp:featuredmedia":[{"embeddable":true,"href":"https:\/\/jm-metropole.com.br\/site\/wp-json\/wp\/v2\/media\/25204"}],"wp:attachment":[{"href":"https:\/\/jm-metropole.com.br\/site\/wp-json\/wp\/v2\/media?parent=25203"}],"wp:term":[{"taxonomy":"category","embeddable":true,"href":"https:\/\/jm-metropole.com.br\/site\/wp-json\/wp\/v2\/categories?post=25203"},{"taxonomy":"post_tag","embeddable":true,"href":"https:\/\/jm-metropole.com.br\/site\/wp-json\/wp\/v2\/tags?post=25203"}],"curies":[{"name":"wp","href":"https:\/\/api.w.org\/{rel}","templated":true}]}}