{"id":25200,"date":"2025-05-28T09:38:20","date_gmt":"2025-05-28T12:38:20","guid":{"rendered":"https:\/\/jm-metropole.com.br\/site\/?p=25200"},"modified":"2025-05-28T09:38:20","modified_gmt":"2025-05-28T12:38:20","slug":"camara-tecnica-de-politica-para-mulheres-organiza-encontro-com-representantes-de-projetos-de-acolhimento-e-empreendedorismo-feminino","status":"publish","type":"post","link":"https:\/\/jm-metropole.com.br\/site\/camara-tecnica-de-politica-para-mulheres-organiza-encontro-com-representantes-de-projetos-de-acolhimento-e-empreendedorismo-feminino\/","title":{"rendered":"C\u00e2mara T\u00e9cnica de Pol\u00edtica para Mulheres organiza encontro com representantes de projetos de acolhimento e empreendedorismo feminino"},"content":{"rendered":"<p>Primeiras-damas, secret\u00e1rias e profissionais que realizam o atendimento de mulheres no setor p\u00fablico sa\u00edram com a miss\u00e3o de criar a\u00e7\u00f5es para impulsionar a autonomia das mulheres<\/p>\n<p>A C\u00e2mara T\u00e9cnica de Pol\u00edtica para Mulheres do Cons\u00f3rcio de Desenvolvimento dos Munic\u00edpios do Alto Tiet\u00ea e Regi\u00e3o (Condemat+) reuniu na manh\u00e3 desta quinta-feira (27\/5) representantes de projetos importantes que tem como foco o p\u00fablico feminino. O encontro serviu para ampliar o olhar do poder p\u00fablico local acerca dos desafios da autonomia e independ\u00eancia feminina e tamb\u00e9m em rela\u00e7\u00e3o \u00e0s alternativas de acolhimento nos casos de viol\u00eancia dom\u00e9stica.<\/p>\n<p>A primeira participa\u00e7\u00e3o foi do programa Acolhe, do Instituto Natura em parceria com o Grupo Accor, que oferece hospedagem tempor\u00e1ria \u00e0s mulheres v\u00edtimas de viol\u00eancia que precisam sair dos seus lares de forma imediata. O Condemat+ j\u00e1 integra a rede deste programa desde 2022.<\/p>\n<p>A coordenadora de Pol\u00edticas P\u00fablicas de Viol\u00eancia contra \u00e0s Mulheres, do Instituto Avon, Ivanda Sobrinha, apresentou um panorama sobre a percep\u00e7\u00e3o das mulheres ante as medidas de preven\u00e7\u00e3o e tamb\u00e9m as a\u00e7\u00f5es do programa Acolhe. Na ocasi\u00e3o, ela refor\u00e7ou a necessidade de integra\u00e7\u00e3o entre os servi\u00e7os p\u00fablicos e o acompanhamento das v\u00edtimas. Com sua experi\u00eancia no campo da defesa das mulheres, ela detalhou a fase mais delicada para elas.<\/p>\n<p>\u201cO momento mais cr\u00edtico \u00e9 quando ela decide sair da rela\u00e7\u00e3o. A situa\u00e7\u00e3o tende a se agravar e \u00e9 onde acontecem as maiores viol\u00eancias, tanto f\u00edsicas quanto psicol\u00f3gicas. Por isso, o acolhimento e, muitas vezes, a sa\u00edda de casa \u00e9 importante\u201d, afirmou.<\/p>\n<p>Numa outra vertente, mas ainda relacionada \u00e0s mulheres, o assunto foi empreendedorismo com a consultora de Projetos e Programas Especiais do Sebrae-SP e Gestora Estadual do Sebrae Delas, Ana Fl\u00e1via Silva. Ela trouxe dados relevantes do setor na qual as mulheres despontam nas atividades aut\u00f4nomas.<\/p>\n<p>\u201cTemos mais escolaridade do que os homens, empreendemos mais, somos melhores pagadoras, mas faturamos menos porque n\u00e3o temos confian\u00e7a no nosso potencial\u201d, destacou.<\/p>\n<p>Com um indicador de que 55% das mulheres empreendem por necessidade, sobretudo por falta de vagas no mercado de trabalho, Ana Fl\u00e1via, acredita que \u00e9 preciso ainda estabelecer uma ponte entre as aut\u00f4nomas e as empresas que podem ser potenciais clientes, de forma a alavancar os neg\u00f3cios movidos pelas mulheres.<\/p>\n<p>Com um leque de possibilidades, a coordenadora da CT de Pol\u00edticas para Mulheres, a primeira-dama de Aruj\u00e1 e presidente do Fundo Social, Clau Camargo, afirmou que as cidades ter\u00e3o \u201cmuita li\u00e7\u00e3o de casa\u201d. O contato com uma realidade mais ampla e alternativas poss\u00edveis de fomentar a independ\u00eancia econ\u00f4mica, a seguran\u00e7a e a empatia, abriu as portas para muitos caminhos dentro da esfera p\u00fablica.<\/p>\n<p>\u201cForam muitas sementes plantadas aqui para que a gente trabalhar, cada uma em sua realidade, mas com a mesma finalidade: contribuir para uma situa\u00e7\u00e3o mais digna para as mulheres\u201d, afirmou Clau.<\/p>\n<p>Participaram do evento a coordenadora adjunta da CT, primeira-dama de Biritiba Mirim, Roberta Taino, a primeira-dama de Suzano, presidente do Fundo Social, D\u00e9borah Rafful, a presidente do Fundo Social de Mairipor\u00e3, L\u00facia Naf, a presidente da Frente Parlamentar Feminina do Alto Tiet\u00ea, vereadora de Aruj\u00e1, Cristiane Ara\u00fajo Pedro de Oliveira, a vereadora de Mogi das Cruzes, Priscila Yamagami, vereadora de Ferraz de Vasconcelos, Selma Francisca dos Santos e representantes das cidades consorciadas.<\/p>\n","protected":false},"excerpt":{"rendered":"<p>Primeiras-damas, secret\u00e1rias e profissionais que realizam o atendimento de mulheres no setor p\u00fablico sa\u00edram com a miss\u00e3o de criar a\u00e7\u00f5es para impulsionar a autonomia das mulheres A C\u00e2mara T\u00e9cnica de Pol\u00edtica para Mulheres do Cons\u00f3rcio de Desenvolvimento dos Munic\u00edpios do Alto Tiet\u00ea e Regi\u00e3o (Condemat+) reuniu na manh\u00e3 desta quinta-feira (27\/5) representantes de projetos importantes [&hellip;]<\/p>\n","protected":false},"author":1,"featured_media":25201,"comment_status":"open","ping_status":"open","sticky":false,"template":"","format":"standard","meta":{"footnotes":""},"categories":[1],"tags":[],"class_list":{"0":"post-25200","1":"post","2":"type-post","3":"status-publish","4":"format-standard","5":"has-post-thumbnail","7":"category-tudo"},"_links":{"self":[{"href":"https:\/\/jm-metropole.com.br\/site\/wp-json\/wp\/v2\/posts\/25200","targetHints":{"allow":["GET"]}}],"collection":[{"href":"https:\/\/jm-metropole.com.br\/site\/wp-json\/wp\/v2\/posts"}],"about":[{"href":"https:\/\/jm-metropole.com.br\/site\/wp-json\/wp\/v2\/types\/post"}],"author":[{"embeddable":true,"href":"https:\/\/jm-metropole.com.br\/site\/wp-json\/wp\/v2\/users\/1"}],"replies":[{"embeddable":true,"href":"https:\/\/jm-metropole.com.br\/site\/wp-json\/wp\/v2\/comments?post=25200"}],"version-history":[{"count":1,"href":"https:\/\/jm-metropole.com.br\/site\/wp-json\/wp\/v2\/posts\/25200\/revisions"}],"predecessor-version":[{"id":25202,"href":"https:\/\/jm-metropole.com.br\/site\/wp-json\/wp\/v2\/posts\/25200\/revisions\/25202"}],"wp:featuredmedia":[{"embeddable":true,"href":"https:\/\/jm-metropole.com.br\/site\/wp-json\/wp\/v2\/media\/25201"}],"wp:attachment":[{"href":"https:\/\/jm-metropole.com.br\/site\/wp-json\/wp\/v2\/media?parent=25200"}],"wp:term":[{"taxonomy":"category","embeddable":true,"href":"https:\/\/jm-metropole.com.br\/site\/wp-json\/wp\/v2\/categories?post=25200"},{"taxonomy":"post_tag","embeddable":true,"href":"https:\/\/jm-metropole.com.br\/site\/wp-json\/wp\/v2\/tags?post=25200"}],"curies":[{"name":"wp","href":"https:\/\/api.w.org\/{rel}","templated":true}]}}