{"id":25182,"date":"2025-05-27T15:47:05","date_gmt":"2025-05-27T18:47:05","guid":{"rendered":"https:\/\/jm-metropole.com.br\/site\/?p=25182"},"modified":"2025-05-27T15:47:05","modified_gmt":"2025-05-27T18:47:05","slug":"fundo-social-de-itaqua-lanca-campanha-tempo-de-aquecer-saiba-onde-doar","status":"publish","type":"post","link":"https:\/\/jm-metropole.com.br\/site\/fundo-social-de-itaqua-lanca-campanha-tempo-de-aquecer-saiba-onde-doar\/","title":{"rendered":"Fundo Social de Itaqu\u00e1 lan\u00e7a campanha \u2018Tempo de Aquecer\u2019; saiba onde doar"},"content":{"rendered":"<p>A\u00e7\u00e3o visa arrecadar 5 mil itens, entre cobertores, toucas, luvas, meias e agasalhos<\/p>\n<p>A campanha de inverno 2025 Tempo de Aquecer &#8211; doe calor, aque\u00e7a vidas foi lan\u00e7ada nesta sexta-feira (23) pelo Fundo Social de Solidariedade de Itaquaquecetuba. A meta \u00e9 arrecadar 5 mil itens entre cobertores, toucas, luvas, meias e agasalhos.<\/p>\n<p>Os itens arrecadados ser\u00e3o destinados \u00e0s fam\u00edlias em situa\u00e7\u00e3o de vulnerabilidade por meio do repasse \u00e0s associa\u00e7\u00f5es, entidades, igrejas e Ongs cadastradas. \u201cSabemos que essa \u00e9poca pode ser dif\u00edcil para algumas fam\u00edlias, ent\u00e3o vamos fazer o poss\u00edvel para aquecer quem mais precisa\u201d, disse a presidente do Fundo Social, Mila Boigues.<\/p>\n<p>\u201cJuntos tenho certeza que conseguiremos bater a meta. Estamos iniciando a campanha antes do in\u00edcio oficial do inverno, que \u00e9 em 20 de junho, para que todos estejam preparados para quando ele chegar. Qualquer doa\u00e7\u00e3o \u00e9 bem-vinda\u201d, acrescentou o prefeito Eduardo Boigues.<\/p>\n<p>As doa\u00e7\u00f5es devem ser entregues em equipamentos p\u00fablicos e privados (confira a lista dos locais abaixo), tamb\u00e9m sendo poss\u00edvel ajudar com qualquer quantia em dinheiro via Pix (CNPJ: 18.612.190\/0001-63). O encerramento da campanha deve ocorrer em agosto.<\/p>\n<p>Confira os pontos de arrecada\u00e7\u00e3o<\/p>\n<p>Fundo Social (r. Ver. Jos\u00e9 Barbosa de Ara\u00fajo, 197 &#8211; Vila Virg\u00ednia)<br \/>\nPrefeitura (av. Ver. Jo\u00e3o Fernandes da Silva, 283 &#8211; Vila Virg\u00ednia)<br \/>\nSec. de Abastecimento (r. Padre Anchieta, 78 &#8211; Centro)<br \/>\nSec. de Ass. Jur\u00eddicos (r. Ver. Jos\u00e9 Barbosa de Ara\u00fajo, 175 &#8211; Vila Virg\u00ednia)<br \/>\nSec. de Cultura (av. Ver. Jo\u00e3o Fernandes da Silva, 53 &#8211; Vila Virg\u00ednia)<br \/>\nSec. de Emprego e Des. Econ\u00f4mico (r. Dom Thomaz Frey, 89 \u2013 Centro)<br \/>\nSec. de Ass. Social (av. Ver. Jo\u00e3o Fernandes da Silva, 60 \u2013 Vila Virg\u00ednia)<br \/>\nSec. de Educa\u00e7\u00e3o (r. Uberl\u00e2ndia, 57 \u2013 Vila Virg\u00ednia)<br \/>\nSec. de Habita\u00e7\u00e3o (av. Jo\u00e3o Barbosa de Moraes, 750 \u2013 Vila Zeferina)<br \/>\nSec. de Meio Ambiente\/Planejamento (r. Ver. Jos\u00e9 Barbosa de Ara\u00fajo, 260 \u2013 Vila Virg\u00ednia)<br \/>\nSec. da Mulher, Dir. Humanos e Cidadania (r. Nem\u00e9sio C\u00e2ndido Gomes, 30 \u2013 Vila Zeferina)<br \/>\nSec. de Sa\u00fade (r. MMDC, 58 \u2013 Centro)<br \/>\nSec. de Seg. Urbana (av. Uberaba, 83 \u2013 Vila Virg\u00ednia)<br \/>\nSec. de Servi\u00e7os Urbanos\/Mob. Urbana\/Defesa Civil (r. Ali Hamoud, 40 \u2013 Alpes de Itaqu\u00e1)<br \/>\nC\u00e2mara Municipal (r. Vereador Jos\u00e9 Barbosa de Ara\u00fajo, 267 &#8211; Vila Virg\u00ednia)<br \/>\nGin\u00e1sio de Esportes (r. Santa Rita de C\u00e1ssia, 173 &#8211; Vila Jap\u00e3o)<br \/>\nDelegacia Central (av. Emancipa\u00e7\u00e3o, 97 \u2013 Centro)<br \/>\nPosto Policial (p\u00e7. Padre Jo\u00e3o \u00c1lvares &#8211; Centro)<br \/>\nF\u00f3rum Trabalhista (av. Ver. Jo\u00e3o Fernandes da Silva, 320 &#8211; Vila Virg\u00ednia)<br \/>\nF\u00f3rum Judici\u00e1rio (rod. Alberto Hinoto 1.170 e 1.194 &#8211; Jardim Cl\u00e1udia)<br \/>\nAcidi (r. Carlos Barbosa da Silva, 51 \u2013 Centro)<br \/>\nUNG (av. Uberaba, 251 &#8211; Vila Virg\u00ednia)<br \/>\nShibata (r. Piraju, 499 &#8211; Vila Monte Belo)<br \/>\nNagumo (rod. Alberto Hinoto, 1.254 &#8211; Vila Zeferina)<br \/>\nTakahashi (av. \u00cdtalo Adami, 800 &#8211; Vila Ursulina)<br \/>\nAtacad\u00e3o (rod. Jo\u00e3o Afonso de Souza Castellano, 1.414 &#8211; Vila Monte Belo)<\/p>\n<p>Fotos: Dayane Oliveira<\/p>\n","protected":false},"excerpt":{"rendered":"<p>A\u00e7\u00e3o visa arrecadar 5 mil itens, entre cobertores, toucas, luvas, meias e agasalhos A campanha de inverno 2025 Tempo de Aquecer &#8211; doe calor, aque\u00e7a vidas foi lan\u00e7ada nesta sexta-feira (23) pelo Fundo Social de Solidariedade de Itaquaquecetuba. A meta \u00e9 arrecadar 5 mil itens entre cobertores, toucas, luvas, meias e agasalhos. Os itens arrecadados [&hellip;]<\/p>\n","protected":false},"author":1,"featured_media":25183,"comment_status":"open","ping_status":"open","sticky":false,"template":"","format":"standard","meta":{"footnotes":""},"categories":[6],"tags":[],"class_list":{"0":"post-25182","1":"post","2":"type-post","3":"status-publish","4":"format-standard","5":"has-post-thumbnail","7":"category-itaqua"},"_links":{"self":[{"href":"https:\/\/jm-metropole.com.br\/site\/wp-json\/wp\/v2\/posts\/25182","targetHints":{"allow":["GET"]}}],"collection":[{"href":"https:\/\/jm-metropole.com.br\/site\/wp-json\/wp\/v2\/posts"}],"about":[{"href":"https:\/\/jm-metropole.com.br\/site\/wp-json\/wp\/v2\/types\/post"}],"author":[{"embeddable":true,"href":"https:\/\/jm-metropole.com.br\/site\/wp-json\/wp\/v2\/users\/1"}],"replies":[{"embeddable":true,"href":"https:\/\/jm-metropole.com.br\/site\/wp-json\/wp\/v2\/comments?post=25182"}],"version-history":[{"count":1,"href":"https:\/\/jm-metropole.com.br\/site\/wp-json\/wp\/v2\/posts\/25182\/revisions"}],"predecessor-version":[{"id":25184,"href":"https:\/\/jm-metropole.com.br\/site\/wp-json\/wp\/v2\/posts\/25182\/revisions\/25184"}],"wp:featuredmedia":[{"embeddable":true,"href":"https:\/\/jm-metropole.com.br\/site\/wp-json\/wp\/v2\/media\/25183"}],"wp:attachment":[{"href":"https:\/\/jm-metropole.com.br\/site\/wp-json\/wp\/v2\/media?parent=25182"}],"wp:term":[{"taxonomy":"category","embeddable":true,"href":"https:\/\/jm-metropole.com.br\/site\/wp-json\/wp\/v2\/categories?post=25182"},{"taxonomy":"post_tag","embeddable":true,"href":"https:\/\/jm-metropole.com.br\/site\/wp-json\/wp\/v2\/tags?post=25182"}],"curies":[{"name":"wp","href":"https:\/\/api.w.org\/{rel}","templated":true}]}}