{"id":25176,"date":"2025-05-27T09:18:08","date_gmt":"2025-05-27T12:18:08","guid":{"rendered":"https:\/\/jm-metropole.com.br\/site\/?p=25176"},"modified":"2025-05-27T09:18:08","modified_gmt":"2025-05-27T12:18:08","slug":"aruja-promove-semana-mundial-do-brincar-nas-escolas-municipais","status":"publish","type":"post","link":"https:\/\/jm-metropole.com.br\/site\/aruja-promove-semana-mundial-do-brincar-nas-escolas-municipais\/","title":{"rendered":"ARUJ\u00c1 PROMOVE SEMANA MUNDIAL DO BRINCAR NAS ESCOLAS MUNICIPAIS"},"content":{"rendered":"<p>[07:58, 27\/05\/2025] Ary Esperidi\u00e3o: Qual crian\u00e7a n\u00e3o gosta de brincar? Pensando nisso, a Prefeitura de Aruj\u00e1, juntamente com diversas Secretarias Municipais, realiza entre os dias 24 de maio e 1\u00ba de junho a Semana Mundial do Brincar, uma proposta que visa garantir um direito fundamental da crian\u00e7a. Com o tema &#8220;Proteger o Encantamento das Inf\u00e2ncias&#8221;, o evento reune oficinas, trilhas, dan\u00e7as e atividades intergeracionais em v\u00e1rios espa\u00e7os da cidade.<\/p>\n<p>A Semana ser\u00e1 marcada por a\u00e7\u00f5es que valorizam o ato do brincar, como ferramenta para o desenvolvimento das crian\u00e7as e a consolida\u00e7\u00e3o dos v\u00ednculos familiares. As atividades ser\u00e3o realizadas tanto nas unidades escolares da rede municipal, quanto nos parques da cidade.<\/p>\n<p>Essas atividades foram idealizadas pelas pastas de Educa\u00e7\u00e3o, Assist\u00eancia Social, Cultura, Esporte, Sa\u00fade, Turismo e Meio Ambiente.<\/p>\n<p>A Semana Mundial do Brincar \u00e9 um movimento que coloca o brincar no centro das Pol\u00edticas P\u00fablicas, integrando escolas e fam\u00edlias. Por meio das a\u00e7\u00f5es vinculadas ao munic\u00edpio, a Prefeitura de Aruj\u00e1 reafirma seu compromisso com a inf\u00e2ncia saud\u00e1vel e a valoriza\u00e7\u00e3o da divers\u00e3o como estrutura da forma\u00e7\u00e3o infantil.<br \/>\n[07:58, 27\/05\/2025] Ary Esperidi\u00e3o: Confira a programa\u00e7\u00e3o completa:<\/p>\n<p>24 de maio (s\u00e1bado)<br \/>\nLocal: Parque dos Ip\u00eas (evento foi aberto \u00e0 comunidade)<br \/>\n* 9h: Abertura oficial com circuito de brincadeiras, atividades de educa\u00e7\u00e3o ambiental, trilha ecol\u00f3gica e cine ambiental.<br \/>\n* 10h: Palestra sobre primeiros socorros e preven\u00e7\u00e3o de acidentes dom\u00e9sticos.<\/p>\n<p>25 de maio (domingo)<br \/>\nLocal: Parque Cidade Natureza (aberto \u00e0 comunidade)<br \/>\n* 9h \u00e0s 12h:Diversas oficinas l\u00fadicas para crian\u00e7as e fam\u00edlias.<\/p>\n<p>26 de maio (segunda-feira)<br \/>\nLocal: CRAS Cerejeiras (aberto \u00e0 comunidade)<br \/>\n* 14h \u00e0s 16h: Atividades intergeracionais com o Programa Crian\u00e7a Feliz.<\/p>\n<p>27 de maio (ter\u00e7a-feira)<br \/>\nLocal: CCCA Barreto<br \/>\n* 8h30 \u00e0s 10h45 e 13h30 \u00e0s 15h45: Oficina de confec\u00e7\u00e3o de brinquedos para crian\u00e7as de 6 a 12 anos.<\/p>\n<p>Local: CMEI FATEC e EMEIA Ver. Jupira Maria do Carmo<br \/>\nSer\u00e3o desenvolvidas atividades com flores e cores atrav\u00e9s de dan\u00e7as, promovendo a integra\u00e7\u00e3o entre corpo, arte e natureza.<\/p>\n<p>28 de maio (quarta-feira)<br \/>\nLocal: Gin\u00e1sio Habib Tannuri<br \/>\n* 8h \u00e0s 12h e 13h \u00e0s 16h: Atividades recreativas do Programa Viva Esporte, voltadas para crian\u00e7as j\u00e1 atendidas pelo programa.<\/p>\n<p>Local: CCCA Centro (aberto \u00e0 comunidade)<br \/>\n* 9h \u00e0s 15h: Ping pong e futebol de bot\u00e3o para todas as idades.<\/p>\n<p>Local: CMEI Maria Jos\u00e9<br \/>\nSer\u00e1 feito uma constru\u00e7\u00e3o de tapetes sensoriais com participa\u00e7\u00e3o de estudantes e familiares, estimulando os sentidos e o v\u00ednculo afetivo.<\/p>\n<p>29 de maio (quinta-feira)<br \/>\nLocal: CCCA Barreto<br \/>\n* 8h30 \u00e0s 10h45 e 13h30 \u00e0s 15h45: Atividades intergeracionais com estudantes e familiares.<\/p>\n<p>Local: Gin\u00e1sio Habib Tannuri<br \/>\nSer\u00e3o ofertadas atividades recreativas do Programa Viva Esporte (manh\u00e3 e tarde).<br \/>\n* 8h30 \u00e0s 11h: Avalia\u00e7\u00e3o e orienta\u00e7\u00e3o de higiene bucal para crian\u00e7as e fam\u00edlias (aberto \u00e0 comunidade).<\/p>\n<p>30 de maio (sexta-feira)<br \/>\nLocal: CCCA Barreto<br \/>\n* 8h30 \u00e0s 10h45 e 13h30 \u00e0s 15h45: Brincadeiras tradicionais de inf\u00e2ncia com crian\u00e7as do CCCA Barreto e CCCA Mirante.<\/p>\n<p>Local: EMEIA Professora Cibele Motta de Ara\u00fajo Silva<br \/>\nSer\u00e3o ofertadas atividades com flores e cores por meio de dan\u00e7as, em dois per\u00edodos.<\/p>\n<p>31 de maio (s\u00e1bado)<br \/>\nLocal: Pra\u00e7a da Juventude &#8211; Conduzido pelo CCCA Mirante (aberto \u00e0 comunidade)<br \/>\n* 8h \u00e0s 12h: Brincadeiras tradicionais de rua com foco em viv\u00eancias intergeracionais.<\/p>\n<p>01 de junho (domingo)<br \/>\nLocal: Parque Cidade Natureza (aberto \u00e0 comunidade)<br \/>\n* 9h \u00e0s 13h: Oficina de artesanato com tem\u00e1tica junina, celebrando a cultura popular.<\/p>\n","protected":false},"excerpt":{"rendered":"<p>[07:58, 27\/05\/2025] Ary Esperidi\u00e3o: Qual crian\u00e7a n\u00e3o gosta de brincar? Pensando nisso, a Prefeitura de Aruj\u00e1, juntamente com diversas Secretarias Municipais, realiza entre os dias 24 de maio e 1\u00ba de junho a Semana Mundial do Brincar, uma proposta que visa garantir um direito fundamental da crian\u00e7a. Com o tema &#8220;Proteger o Encantamento das Inf\u00e2ncias&#8221;, [&hellip;]<\/p>\n","protected":false},"author":1,"featured_media":25177,"comment_status":"open","ping_status":"open","sticky":false,"template":"","format":"standard","meta":{"footnotes":""},"categories":[4],"tags":[],"class_list":{"0":"post-25176","1":"post","2":"type-post","3":"status-publish","4":"format-standard","5":"has-post-thumbnail","7":"category-aruja"},"_links":{"self":[{"href":"https:\/\/jm-metropole.com.br\/site\/wp-json\/wp\/v2\/posts\/25176","targetHints":{"allow":["GET"]}}],"collection":[{"href":"https:\/\/jm-metropole.com.br\/site\/wp-json\/wp\/v2\/posts"}],"about":[{"href":"https:\/\/jm-metropole.com.br\/site\/wp-json\/wp\/v2\/types\/post"}],"author":[{"embeddable":true,"href":"https:\/\/jm-metropole.com.br\/site\/wp-json\/wp\/v2\/users\/1"}],"replies":[{"embeddable":true,"href":"https:\/\/jm-metropole.com.br\/site\/wp-json\/wp\/v2\/comments?post=25176"}],"version-history":[{"count":1,"href":"https:\/\/jm-metropole.com.br\/site\/wp-json\/wp\/v2\/posts\/25176\/revisions"}],"predecessor-version":[{"id":25178,"href":"https:\/\/jm-metropole.com.br\/site\/wp-json\/wp\/v2\/posts\/25176\/revisions\/25178"}],"wp:featuredmedia":[{"embeddable":true,"href":"https:\/\/jm-metropole.com.br\/site\/wp-json\/wp\/v2\/media\/25177"}],"wp:attachment":[{"href":"https:\/\/jm-metropole.com.br\/site\/wp-json\/wp\/v2\/media?parent=25176"}],"wp:term":[{"taxonomy":"category","embeddable":true,"href":"https:\/\/jm-metropole.com.br\/site\/wp-json\/wp\/v2\/categories?post=25176"},{"taxonomy":"post_tag","embeddable":true,"href":"https:\/\/jm-metropole.com.br\/site\/wp-json\/wp\/v2\/tags?post=25176"}],"curies":[{"name":"wp","href":"https:\/\/api.w.org\/{rel}","templated":true}]}}