{"id":25173,"date":"2025-05-27T09:05:00","date_gmt":"2025-05-27T12:05:00","guid":{"rendered":"https:\/\/jm-metropole.com.br\/site\/?p=25173"},"modified":"2025-05-27T09:05:00","modified_gmt":"2025-05-27T12:05:00","slug":"emocao-e-fe-na-abertura-do-subimperio-do-divino-espirito-santo-na-prefeitura","status":"publish","type":"post","link":"https:\/\/jm-metropole.com.br\/site\/emocao-e-fe-na-abertura-do-subimperio-do-divino-espirito-santo-na-prefeitura\/","title":{"rendered":"Emo\u00e7\u00e3o e f\u00e9 na abertura do Subimp\u00e9rio do Divino Esp\u00edrito Santo, na Prefeitura"},"content":{"rendered":"<p>O Subimp\u00e9rio do Divino Esp\u00edrito Santo, instalado no hall da Prefeitura de Mogi das Cruzes, foi aberto nesta segunda-feira (26\/05), em uma cerim\u00f4nia emocionante e de renova\u00e7\u00e3o da f\u00e9.<\/p>\n<p>O ritual precede o in\u00edcio da mais tradicional manifesta\u00e7\u00e3o religiosa e folcl\u00f3rica da cidade, a Festa do Divino Esp\u00edrito Santo, que come\u00e7a nesta quinta-feira (29\/05) e se estender\u00e1 at\u00e9 o dia 8 de junho, com ampla programa\u00e7\u00e3o reunindo missas, alvorada, novena, prociss\u00e3o, Entrada dos Palmitos, quermesse, entre outras atividades.<\/p>\n<p>Na abertura do Subimp\u00e9rio, a prefeita Mara Bertaiolli destacou a import\u00e2ncia da festa e das b\u00ean\u00e7\u00e3os do Esp\u00edrito Santo sobre a cidade e a popula\u00e7\u00e3o. &#8220;Que a humildade, fortaleza, sabedoria, f\u00e9 e o amor estejam sempre presentes no nosso dia a dia. Mogi \u00e9 a morada do Divino&#8221;, enfatizou.<\/p>\n<p>O vice-prefeito T\u00e9o Cusatis tamb\u00e9m lembrou a representatividade do evento para o munic\u00edpio. &#8220;A Festa do Divino tem um simbolismo de f\u00e9 e devo\u00e7\u00e3o muito forte. A Prefeitura est\u00e1 de portas abertas para o Divino e \u00e9 uma grande alegria receber os seus devotos&#8221;, completa.<\/p>\n<p>O festeiro Jo\u00e3o Pedro Mota agradeceu a parceria da administra\u00e7\u00e3o municipal na realiza\u00e7\u00e3o do evento. &#8220;A caminhada foi longa, mas tivemos o apoio da Prefeitura e de muita gente de f\u00e9, que acredita nas b\u00ean\u00e7\u00e3os do Divino Esp\u00edrito Santo&#8221;, revela.<\/p>\n<p>O evento tamb\u00e9m contou com a presen\u00e7a dos capit\u00e3es de masteo Lisandro Leonardo da Silva Corr\u00eaa e Patr\u00edcia Aparecida do Esp\u00edrito Santo Corr\u00eaa, do presidente da Associa\u00e7\u00e3o Pr\u00f3-Festa, Marcelo Br\u00e1s, dos padres Michel dos Santos, Marcos Sulivan e Luiz Ricardo C\u00e2ndido da Silva, do ex-prefeito Juni Abe, dos vereadores Edson Santos, John Ross, Johnny da Inclus\u00e3o, Priscila Yamagami, Maurinho Despachante, Tonh\u00e3o, ex-festeiros, devotos, secret\u00e1rios municipais e servidores da Prefeitura.<\/p>\n","protected":false},"excerpt":{"rendered":"<p>O Subimp\u00e9rio do Divino Esp\u00edrito Santo, instalado no hall da Prefeitura de Mogi das Cruzes, foi aberto nesta segunda-feira (26\/05), em uma cerim\u00f4nia emocionante e de renova\u00e7\u00e3o da f\u00e9. O ritual precede o in\u00edcio da mais tradicional manifesta\u00e7\u00e3o religiosa e folcl\u00f3rica da cidade, a Festa do Divino Esp\u00edrito Santo, que come\u00e7a nesta quinta-feira (29\/05) e [&hellip;]<\/p>\n","protected":false},"author":1,"featured_media":25174,"comment_status":"open","ping_status":"open","sticky":false,"template":"","format":"standard","meta":{"footnotes":""},"categories":[10],"tags":[],"class_list":{"0":"post-25173","1":"post","2":"type-post","3":"status-publish","4":"format-standard","5":"has-post-thumbnail","7":"category-mogi-das-cruzes"},"_links":{"self":[{"href":"https:\/\/jm-metropole.com.br\/site\/wp-json\/wp\/v2\/posts\/25173","targetHints":{"allow":["GET"]}}],"collection":[{"href":"https:\/\/jm-metropole.com.br\/site\/wp-json\/wp\/v2\/posts"}],"about":[{"href":"https:\/\/jm-metropole.com.br\/site\/wp-json\/wp\/v2\/types\/post"}],"author":[{"embeddable":true,"href":"https:\/\/jm-metropole.com.br\/site\/wp-json\/wp\/v2\/users\/1"}],"replies":[{"embeddable":true,"href":"https:\/\/jm-metropole.com.br\/site\/wp-json\/wp\/v2\/comments?post=25173"}],"version-history":[{"count":1,"href":"https:\/\/jm-metropole.com.br\/site\/wp-json\/wp\/v2\/posts\/25173\/revisions"}],"predecessor-version":[{"id":25175,"href":"https:\/\/jm-metropole.com.br\/site\/wp-json\/wp\/v2\/posts\/25173\/revisions\/25175"}],"wp:featuredmedia":[{"embeddable":true,"href":"https:\/\/jm-metropole.com.br\/site\/wp-json\/wp\/v2\/media\/25174"}],"wp:attachment":[{"href":"https:\/\/jm-metropole.com.br\/site\/wp-json\/wp\/v2\/media?parent=25173"}],"wp:term":[{"taxonomy":"category","embeddable":true,"href":"https:\/\/jm-metropole.com.br\/site\/wp-json\/wp\/v2\/categories?post=25173"},{"taxonomy":"post_tag","embeddable":true,"href":"https:\/\/jm-metropole.com.br\/site\/wp-json\/wp\/v2\/tags?post=25173"}],"curies":[{"name":"wp","href":"https:\/\/api.w.org\/{rel}","templated":true}]}}