{"id":25167,"date":"2025-05-27T09:02:47","date_gmt":"2025-05-27T12:02:47","guid":{"rendered":"https:\/\/jm-metropole.com.br\/site\/?p=25167"},"modified":"2025-05-27T09:02:47","modified_gmt":"2025-05-27T12:02:47","slug":"presidente-da-camara-de-aruja-prestigia-instalacao-da-procuradoria-da-mulher-em-sao-paulo","status":"publish","type":"post","link":"https:\/\/jm-metropole.com.br\/site\/presidente-da-camara-de-aruja-prestigia-instalacao-da-procuradoria-da-mulher-em-sao-paulo\/","title":{"rendered":"Presidente da C\u00e2mara de Aruj\u00e1 prestigia instala\u00e7\u00e3o da Procuradoria da Mulher em S\u00e3o Paulo"},"content":{"rendered":"<p>Prof\u00aa Cris participa de cerim\u00f4nia na C\u00e2mara Municipal de S\u00e3o Paulo<\/p>\n<p>A presidente da C\u00e2mara Municipal de Aruj\u00e1, vereadora Prof\u00aa Cris (PSD), marcou presen\u00e7a na cerim\u00f4nia de instala\u00e7\u00e3o da Procuradoria da Mulher na C\u00e2mara Municipal de S\u00e3o Paulo, realizada na noite desta quinta-feira (22), no Plen\u00e1rio 1\u00ba de Maio. Prof\u00aa Cris tamb\u00e9m acumula a fun\u00e7\u00e3o de Procuradora Especial da Mulher h\u00e1 quatro anos.<\/p>\n<p>Leia a mat\u00e9ria na \u00edntegra: https:\/\/www.camaraaruja.sp.gov.br\/noticias\/presidente-da-camara-de-aruja-prestigia-instalacao-da-procuradoria-da-mulher-em-sao-paulo<\/p>\n","protected":false},"excerpt":{"rendered":"<p>Prof\u00aa Cris participa de cerim\u00f4nia na C\u00e2mara Municipal de S\u00e3o Paulo A presidente da C\u00e2mara Municipal de Aruj\u00e1, vereadora Prof\u00aa Cris (PSD), marcou presen\u00e7a na cerim\u00f4nia de instala\u00e7\u00e3o da Procuradoria da Mulher na C\u00e2mara Municipal de S\u00e3o Paulo, realizada na noite desta quinta-feira (22), no Plen\u00e1rio 1\u00ba de Maio. Prof\u00aa Cris tamb\u00e9m acumula a fun\u00e7\u00e3o [&hellip;]<\/p>\n","protected":false},"author":1,"featured_media":25168,"comment_status":"open","ping_status":"open","sticky":false,"template":"","format":"standard","meta":{"footnotes":""},"categories":[1],"tags":[],"class_list":{"0":"post-25167","1":"post","2":"type-post","3":"status-publish","4":"format-standard","5":"has-post-thumbnail","7":"category-tudo"},"_links":{"self":[{"href":"https:\/\/jm-metropole.com.br\/site\/wp-json\/wp\/v2\/posts\/25167","targetHints":{"allow":["GET"]}}],"collection":[{"href":"https:\/\/jm-metropole.com.br\/site\/wp-json\/wp\/v2\/posts"}],"about":[{"href":"https:\/\/jm-metropole.com.br\/site\/wp-json\/wp\/v2\/types\/post"}],"author":[{"embeddable":true,"href":"https:\/\/jm-metropole.com.br\/site\/wp-json\/wp\/v2\/users\/1"}],"replies":[{"embeddable":true,"href":"https:\/\/jm-metropole.com.br\/site\/wp-json\/wp\/v2\/comments?post=25167"}],"version-history":[{"count":1,"href":"https:\/\/jm-metropole.com.br\/site\/wp-json\/wp\/v2\/posts\/25167\/revisions"}],"predecessor-version":[{"id":25169,"href":"https:\/\/jm-metropole.com.br\/site\/wp-json\/wp\/v2\/posts\/25167\/revisions\/25169"}],"wp:featuredmedia":[{"embeddable":true,"href":"https:\/\/jm-metropole.com.br\/site\/wp-json\/wp\/v2\/media\/25168"}],"wp:attachment":[{"href":"https:\/\/jm-metropole.com.br\/site\/wp-json\/wp\/v2\/media?parent=25167"}],"wp:term":[{"taxonomy":"category","embeddable":true,"href":"https:\/\/jm-metropole.com.br\/site\/wp-json\/wp\/v2\/categories?post=25167"},{"taxonomy":"post_tag","embeddable":true,"href":"https:\/\/jm-metropole.com.br\/site\/wp-json\/wp\/v2\/tags?post=25167"}],"curies":[{"name":"wp","href":"https:\/\/api.w.org\/{rel}","templated":true}]}}