{"id":25161,"date":"2025-05-26T16:34:18","date_gmt":"2025-05-26T19:34:18","guid":{"rendered":"https:\/\/jm-metropole.com.br\/site\/?p=25161"},"modified":"2025-05-26T16:34:18","modified_gmt":"2025-05-26T19:34:18","slug":"reforma-e-construcao-de-bases-da-gcm-de-itaqua-entram-na-reta-final","status":"publish","type":"post","link":"https:\/\/jm-metropole.com.br\/site\/reforma-e-construcao-de-bases-da-gcm-de-itaqua-entram-na-reta-final\/","title":{"rendered":"Reforma e constru\u00e7\u00e3o de bases da GCM de Itaqu\u00e1 entram na reta final"},"content":{"rendered":"<p>Unidades avan\u00e7am para acabamento, pintura interna e externa<\/p>\n<p>A reforma das bases comunit\u00e1rias da Guarda Civil Municipal (GCM) de Itaquaquecetuba da Vila S\u00e3o Carlos e Maragogipe e a constru\u00e7\u00e3o de uma nova no Monte Belo est\u00e3o em fase final. As unidades seguem com os trabalhos de pintura interna e externa, instala\u00e7\u00e3o de portas e janelas, al\u00e9m da finaliza\u00e7\u00e3o do sistema el\u00e9trico e acabamento.<\/p>\n<p>A unidade da Vila S\u00e3o Carlos est\u00e1 com 80% das obras conclu\u00eddas, mesmo percentual da unidade do Monte Belo. J\u00e1 a base do Maragogipe alcan\u00e7ou 75% de execu\u00e7\u00e3o, com os servi\u00e7os concentrados na \u00e1rea externa.<\/p>\n<p>As reformas fazem parte de um amplo projeto de moderniza\u00e7\u00e3o da infraestrutura dos equipamentos da GCM. O objetivo \u00e9 promover um ambiente mais adequado, moderno e aconchegante tanto para os agentes que atuam diariamente nos espa\u00e7os quanto para a popula\u00e7\u00e3o.<\/p>\n<p>&#8220;Essas reformas fazem parte do nosso compromisso de fortalecer a seguran\u00e7a p\u00fablica com infraestrutura adequada. Estamos investindo para oferecer melhores condi\u00e7\u00f5es de trabalho aos agentes e mais prote\u00e7\u00e3o \u00e0 popula\u00e7\u00e3o&#8221;, destacou o secret\u00e1rio de Seguran\u00e7a Urbana, Anderson Caldeira.<\/p>\n<p>\u201cEssas melhorias s\u00e3o muito importantes para o dia a dia de toda a cidade. Ter uma base bem estruturada d\u00e1 mais seguran\u00e7a e condi\u00e7\u00f5es de atender melhor quem precisar. Isso \u00e9 cuidar de quem tanto nos protege\u201d, completou o prefeito Eduardo Boigues.<\/p>\n<p>As bases do Caiuby, Luciana e Piratininga receberam melhorias iniciais, como nova pintura e refor\u00e7o na ilumina\u00e7\u00e3o, e a reforma completa est\u00e1 prevista para os pr\u00f3ximos meses.<\/p>\n<p>Fotos: Dayane Oliveira<\/p>\n","protected":false},"excerpt":{"rendered":"<p>Unidades avan\u00e7am para acabamento, pintura interna e externa A reforma das bases comunit\u00e1rias da Guarda Civil Municipal (GCM) de Itaquaquecetuba da Vila S\u00e3o Carlos e Maragogipe e a constru\u00e7\u00e3o de uma nova no Monte Belo est\u00e3o em fase final. As unidades seguem com os trabalhos de pintura interna e externa, instala\u00e7\u00e3o de portas e janelas, [&hellip;]<\/p>\n","protected":false},"author":1,"featured_media":25162,"comment_status":"open","ping_status":"open","sticky":false,"template":"","format":"standard","meta":{"footnotes":""},"categories":[6],"tags":[],"class_list":{"0":"post-25161","1":"post","2":"type-post","3":"status-publish","4":"format-standard","5":"has-post-thumbnail","7":"category-itaqua"},"_links":{"self":[{"href":"https:\/\/jm-metropole.com.br\/site\/wp-json\/wp\/v2\/posts\/25161","targetHints":{"allow":["GET"]}}],"collection":[{"href":"https:\/\/jm-metropole.com.br\/site\/wp-json\/wp\/v2\/posts"}],"about":[{"href":"https:\/\/jm-metropole.com.br\/site\/wp-json\/wp\/v2\/types\/post"}],"author":[{"embeddable":true,"href":"https:\/\/jm-metropole.com.br\/site\/wp-json\/wp\/v2\/users\/1"}],"replies":[{"embeddable":true,"href":"https:\/\/jm-metropole.com.br\/site\/wp-json\/wp\/v2\/comments?post=25161"}],"version-history":[{"count":1,"href":"https:\/\/jm-metropole.com.br\/site\/wp-json\/wp\/v2\/posts\/25161\/revisions"}],"predecessor-version":[{"id":25163,"href":"https:\/\/jm-metropole.com.br\/site\/wp-json\/wp\/v2\/posts\/25161\/revisions\/25163"}],"wp:featuredmedia":[{"embeddable":true,"href":"https:\/\/jm-metropole.com.br\/site\/wp-json\/wp\/v2\/media\/25162"}],"wp:attachment":[{"href":"https:\/\/jm-metropole.com.br\/site\/wp-json\/wp\/v2\/media?parent=25161"}],"wp:term":[{"taxonomy":"category","embeddable":true,"href":"https:\/\/jm-metropole.com.br\/site\/wp-json\/wp\/v2\/categories?post=25161"},{"taxonomy":"post_tag","embeddable":true,"href":"https:\/\/jm-metropole.com.br\/site\/wp-json\/wp\/v2\/tags?post=25161"}],"curies":[{"name":"wp","href":"https:\/\/api.w.org\/{rel}","templated":true}]}}