{"id":2510,"date":"2022-08-26T13:54:51","date_gmt":"2022-08-26T16:54:51","guid":{"rendered":"https:\/\/jm-metropole.com.br\/site\/?p=2510"},"modified":"2022-08-26T13:54:51","modified_gmt":"2022-08-26T16:54:51","slug":"2510-2","status":"publish","type":"post","link":"https:\/\/jm-metropole.com.br\/site\/2510-2\/","title":{"rendered":""},"content":{"rendered":"<p>A comemora\u00e7\u00e3o dos 200 anos de independ\u00eancia do Brasil, que ocorrer\u00e1 em 7 de setembro de 2022, ter\u00e1 um motivo a mais para ser celebrada e voc\u00ea pode participar dessa festa.<br \/>\nCom as obras na reta final, o Museu do Ipiranga ser\u00e1 reaberto ao p\u00fablico na data comemorativa d\u00f3 bicenten\u00e1rio da independ\u00eancia do Brasil e \u00e9 \u00f3tima pedida para visita\u00e7\u00e3o no feriado.<\/p>\n<p>Durante a reforma, foi instalado na fachada do edif\u00edcio, um rel\u00f3gio que faz a contagem regressiva at\u00e9 a reinaugura\u00e7\u00e3o. Segundo informa\u00e7\u00f5es do governo, R$ 84 milh\u00f5es j\u00e1 foram captados e mais R$ 74 milh\u00f5es foram liberados para capta\u00e7\u00e3o. No total, as obras no Museu do Ipiranga devem custar R$ 160 milh\u00f5es. As obras j\u00e1 foram 70% conclu\u00eddas.<br \/>\nPara as comemora\u00e7\u00f5es tamb\u00e9m est\u00e3o previstas document\u00e1rios, pe\u00e7as de teatro e programas culturais infantojuvenis.<\/p>\n<p>Localizado em S\u00e3o Paulo, o museu foi inaugurado em 1895 como marco da Independ\u00eancia do Brasil. A institui\u00e7\u00e3o, cujo nome oficial \u00e9 Museu Paulista da Universidade de S\u00e3o Paulo, conta com acervo de 450 mil pe\u00e7as, entre elas a famosa pintura Independ\u00eancia ou Morte, de Pedro Am\u00e9rico, que se tornou \u00edcone do momento hist\u00f3rico do Grito do Ipiranga.<\/p>\n","protected":false},"excerpt":{"rendered":"<p>A comemora\u00e7\u00e3o dos 200 anos de independ\u00eancia do Brasil, que ocorrer\u00e1 em 7 de setembro de 2022, ter\u00e1 um motivo a mais para ser celebrada e voc\u00ea pode participar dessa festa. Com as obras na reta final, o Museu do Ipiranga ser\u00e1 reaberto ao p\u00fablico na data comemorativa d\u00f3 bicenten\u00e1rio da independ\u00eancia do Brasil e [&hellip;]<\/p>\n","protected":false},"author":1,"featured_media":2511,"comment_status":"open","ping_status":"open","sticky":false,"template":"","format":"standard","meta":{"footnotes":""},"categories":[48,47],"tags":[],"class_list":{"0":"post-2510","1":"post","2":"type-post","3":"status-publish","4":"format-standard","5":"has-post-thumbnail","7":"category-geral","8":"category-turismo"},"_links":{"self":[{"href":"https:\/\/jm-metropole.com.br\/site\/wp-json\/wp\/v2\/posts\/2510","targetHints":{"allow":["GET"]}}],"collection":[{"href":"https:\/\/jm-metropole.com.br\/site\/wp-json\/wp\/v2\/posts"}],"about":[{"href":"https:\/\/jm-metropole.com.br\/site\/wp-json\/wp\/v2\/types\/post"}],"author":[{"embeddable":true,"href":"https:\/\/jm-metropole.com.br\/site\/wp-json\/wp\/v2\/users\/1"}],"replies":[{"embeddable":true,"href":"https:\/\/jm-metropole.com.br\/site\/wp-json\/wp\/v2\/comments?post=2510"}],"version-history":[{"count":1,"href":"https:\/\/jm-metropole.com.br\/site\/wp-json\/wp\/v2\/posts\/2510\/revisions"}],"predecessor-version":[{"id":2512,"href":"https:\/\/jm-metropole.com.br\/site\/wp-json\/wp\/v2\/posts\/2510\/revisions\/2512"}],"wp:featuredmedia":[{"embeddable":true,"href":"https:\/\/jm-metropole.com.br\/site\/wp-json\/wp\/v2\/media\/2511"}],"wp:attachment":[{"href":"https:\/\/jm-metropole.com.br\/site\/wp-json\/wp\/v2\/media?parent=2510"}],"wp:term":[{"taxonomy":"category","embeddable":true,"href":"https:\/\/jm-metropole.com.br\/site\/wp-json\/wp\/v2\/categories?post=2510"},{"taxonomy":"post_tag","embeddable":true,"href":"https:\/\/jm-metropole.com.br\/site\/wp-json\/wp\/v2\/tags?post=2510"}],"curies":[{"name":"wp","href":"https:\/\/api.w.org\/{rel}","templated":true}]}}