{"id":25074,"date":"2025-05-22T09:38:13","date_gmt":"2025-05-22T12:38:13","guid":{"rendered":"https:\/\/jm-metropole.com.br\/site\/?p=25074"},"modified":"2025-05-22T09:38:13","modified_gmt":"2025-05-22T12:38:13","slug":"guarulhos-e-contemplada-com-cursos-de-formacao-cultural-do-estado","status":"publish","type":"post","link":"https:\/\/jm-metropole.com.br\/site\/guarulhos-e-contemplada-com-cursos-de-formacao-cultural-do-estado\/","title":{"rendered":"Guarulhos \u00e9 contemplada com cursos de forma\u00e7\u00e3o cultural do Estado"},"content":{"rendered":"<p>A cidade de Guarulhos foi contemplada com dois cursos do programa CULTSP PRO &#8211; Escolas de Profissionais da Cultura, iniciativa do governo do Estado de S\u00e3o Paulo que trabalha a forma\u00e7\u00e3o e a qualifica\u00e7\u00e3o dos setores cultural e criativo. At\u00e9 o dia 1\u00ba de junho o guarulhense poder\u00e1 se inscrever nos cursos gratuitos \u201cParticipa\u00e7\u00e3o Social e Desenvolvimento pela Cultura\u201d e \u201cElabora\u00e7\u00e3o e Articula\u00e7\u00e3o de Projetos Culturais\u201d.<\/p>\n<p>Os cursos s\u00e3o destinados a pessoas maiores de 16 anos e acontecem de modo presencial no Conservat\u00f3rio Municipal de Guarulhos, na rua Ip\u00ea, 71, Centro. Para participar os interessados devem preencher o formul\u00e1rio dispon\u00edvel no site https:\/\/docs.google.com\/forms\/d\/e\/1FAIpQLScyFyYlDduvFosxuyIGZ15Va5FO-d2Pji93lBymfZTlx6gxBw\/viewform. A inscri\u00e7\u00e3o n\u00e3o garante a participa\u00e7\u00e3o nas aulas; \u00e9 necess\u00e1rio acompanhar a lista de convocados, que ser\u00e1 divulgada posteriormente.<\/p>\n<p>A oferta de cursos de forma\u00e7\u00e3o gratuitos \u00e9 uma parceria entre a Secretaria de Cultura de Guarulhos e a Secretaria da Cultura, Economia e Ind\u00fastria Criativas do Governo do Estado. As forma\u00e7\u00f5es s\u00e3o geridas pelo IDG &#8211; Instituto de Desenvolvimento e Gest\u00e3o.<\/p>\n<p>Conhe\u00e7a os cursos<\/p>\n<p>O curso Elabora\u00e7\u00e3o e Articula\u00e7\u00e3o de Projetos Culturais abordar\u00e1 t\u00e9cnicas de elabora\u00e7\u00e3o de projetos com foco em iniciativas de fomento dos governos estadual e federal. Os alunos aprender\u00e3o a reconhecer as ideias de projetos de forma criativa, com atividades vivenciais, e compor as ideias a partir das possibilidades de aplica\u00e7\u00e3o do projeto (editais e parceiros), trabalhando suas especificidades.<\/p>\n<p>As aulas acontecer\u00e3o entre os dias 1\u00ba de julho e 20 de agosto no Conservat\u00f3rio Municipal de Guarulhos. No m\u00eas de julho as aulas ser\u00e3o \u00e0s ter\u00e7as, quartas e quintas-feiras e, em agosto, \u00e0s segundas, quartas e quintas-feiras, sempre das 19h \u00e0s 22h.<\/p>\n<p>J\u00e1 o curso de Participa\u00e7\u00e3o Social e Desenvolvimento pela Cultura ensinar\u00e1 a reconhecer a participa\u00e7\u00e3o social como estrat\u00e9gia de desenvolvimento pela cultura e o papel e a a\u00e7\u00e3o dos conselhos de cultura na perspectiva de incremento social. Ser\u00e3o abordados tamb\u00e9m os aspectos e as compet\u00eancias inerentes ao trabalho dos conselheiros da cultura. As aulas ser\u00e3o entre os dias 12 e 26 de julho, tamb\u00e9m no Conservat\u00f3rio, aos s\u00e1bados, das 9h \u00e0s 13h e das 14h \u00e0s 18h.<\/p>\n<p>&nbsp;<\/p>\n","protected":false},"excerpt":{"rendered":"<p>A cidade de Guarulhos foi contemplada com dois cursos do programa CULTSP PRO &#8211; Escolas de Profissionais da Cultura, iniciativa do governo do Estado de S\u00e3o Paulo que trabalha a forma\u00e7\u00e3o e a qualifica\u00e7\u00e3o dos setores cultural e criativo. At\u00e9 o dia 1\u00ba de junho o guarulhense poder\u00e1 se inscrever nos cursos gratuitos \u201cParticipa\u00e7\u00e3o Social [&hellip;]<\/p>\n","protected":false},"author":1,"featured_media":25075,"comment_status":"open","ping_status":"open","sticky":false,"template":"","format":"standard","meta":{"footnotes":""},"categories":[3],"tags":[],"class_list":{"0":"post-25074","1":"post","2":"type-post","3":"status-publish","4":"format-standard","5":"has-post-thumbnail","7":"category-guarulhos"},"_links":{"self":[{"href":"https:\/\/jm-metropole.com.br\/site\/wp-json\/wp\/v2\/posts\/25074","targetHints":{"allow":["GET"]}}],"collection":[{"href":"https:\/\/jm-metropole.com.br\/site\/wp-json\/wp\/v2\/posts"}],"about":[{"href":"https:\/\/jm-metropole.com.br\/site\/wp-json\/wp\/v2\/types\/post"}],"author":[{"embeddable":true,"href":"https:\/\/jm-metropole.com.br\/site\/wp-json\/wp\/v2\/users\/1"}],"replies":[{"embeddable":true,"href":"https:\/\/jm-metropole.com.br\/site\/wp-json\/wp\/v2\/comments?post=25074"}],"version-history":[{"count":1,"href":"https:\/\/jm-metropole.com.br\/site\/wp-json\/wp\/v2\/posts\/25074\/revisions"}],"predecessor-version":[{"id":25076,"href":"https:\/\/jm-metropole.com.br\/site\/wp-json\/wp\/v2\/posts\/25074\/revisions\/25076"}],"wp:featuredmedia":[{"embeddable":true,"href":"https:\/\/jm-metropole.com.br\/site\/wp-json\/wp\/v2\/media\/25075"}],"wp:attachment":[{"href":"https:\/\/jm-metropole.com.br\/site\/wp-json\/wp\/v2\/media?parent=25074"}],"wp:term":[{"taxonomy":"category","embeddable":true,"href":"https:\/\/jm-metropole.com.br\/site\/wp-json\/wp\/v2\/categories?post=25074"},{"taxonomy":"post_tag","embeddable":true,"href":"https:\/\/jm-metropole.com.br\/site\/wp-json\/wp\/v2\/tags?post=25074"}],"curies":[{"name":"wp","href":"https:\/\/api.w.org\/{rel}","templated":true}]}}