{"id":2507,"date":"2022-08-26T13:51:44","date_gmt":"2022-08-26T16:51:44","guid":{"rendered":"https:\/\/jm-metropole.com.br\/site\/?p=2507"},"modified":"2022-08-26T13:52:13","modified_gmt":"2022-08-26T16:52:13","slug":"arraia-do-chico-e-realizado-pela-primeira-vez-em-santa-isabel","status":"publish","type":"post","link":"https:\/\/jm-metropole.com.br\/site\/arraia-do-chico-e-realizado-pela-primeira-vez-em-santa-isabel\/","title":{"rendered":"Arraia do Chico \u00e9 realizado pela primeira vez em Santa Isabel"},"content":{"rendered":"<p>O evento in\u00e9dito contou com barracas gastron\u00f4micas e de artesanatos, brinquedos, passeio com p\u00f4nei, bingo, shows ao vivo, quadrilhas, apresenta\u00e7\u00f5es culturais e a participa\u00e7\u00e3o dos personagens da Turma da M\u00f4nica, Chico Bento e Rosinha.<\/p>\n<p>A 4\u00aa edi\u00e7\u00e3o do Arrai\u00e1 do Chico foi realizada em Santa Isabel, no \u00faltimo final de semana. Com diversas atra\u00e7\u00f5es, o evento animou o p\u00fablico isabelense e movimentou a tradicional Pra\u00e7a Fernando Lopes.<\/p>\n<p>No s\u00e1bado (20\/08), a festa teve in\u00edcio com as apresenta\u00e7\u00f5es das quadrilhas das escolas da rede municipal de ensino e do grupo Melhor Idade.<\/p>\n<p>Logo depois, ocorreu o show da banda Ateli\u00ea, que trouxe em seu repert\u00f3rio m\u00fasicas brasileiras famosas da cultura sertaneja, que fazem parte da tradi\u00e7\u00e3o da cidade.<br \/>\nJ\u00e1 no domingo, a escola Objetivo tamb\u00e9m apresentou a quadrilha dos alunos e a Associa\u00e7\u00e3o de Capoeira Beija \u2013 Flor fez demonstra\u00e7\u00f5es das t\u00e9cnicas, em uma roda.<\/p>\n<p>O Grupo Mo\u00e7ambique de Santa Isabel encantou o p\u00fablico com a sua manifesta\u00e7\u00e3o de f\u00e9 e a Orquestra Municipal apresentou o espet\u00e1culo das crian\u00e7as e jovens que integram o projeto. O encerramento do evento ficou com o cantor sertanejo Augusto.<\/p>\n<p>As pessoas ainda puderam aproveitar as barracas gastron\u00f4micas e de artesanatos, al\u00e9m do bingo. Haviam tamb\u00e9m brinquedos para as crian\u00e7as e o passeio com p\u00f4nei, bem como os personagens, Chico Bento e Rosinha.<\/p>\n<p>A iniciativa foi feita por meio de uma parceria p\u00fablico-privado e teve o objetivo de promover o acesso da popula\u00e7\u00e3o \u00e0 cultura, por meio de apresenta\u00e7\u00f5es populares e tradicionais, al\u00e9m de incentivar o turismo e gerar novas oportunidades de comercializa\u00e7\u00e3o<\/p>\n","protected":false},"excerpt":{"rendered":"<p>O evento in\u00e9dito contou com barracas gastron\u00f4micas e de artesanatos, brinquedos, passeio com p\u00f4nei, bingo, shows ao vivo, quadrilhas, apresenta\u00e7\u00f5es culturais e a participa\u00e7\u00e3o dos personagens da Turma da M\u00f4nica, Chico Bento e Rosinha. A 4\u00aa edi\u00e7\u00e3o do Arrai\u00e1 do Chico foi realizada em Santa Isabel, no \u00faltimo final de semana. Com diversas atra\u00e7\u00f5es, o [&hellip;]<\/p>\n","protected":false},"author":1,"featured_media":2508,"comment_status":"open","ping_status":"open","sticky":false,"template":"","format":"standard","meta":{"footnotes":""},"categories":[5],"tags":[],"class_list":{"0":"post-2507","1":"post","2":"type-post","3":"status-publish","4":"format-standard","5":"has-post-thumbnail","7":"category-santa-isabel"},"_links":{"self":[{"href":"https:\/\/jm-metropole.com.br\/site\/wp-json\/wp\/v2\/posts\/2507","targetHints":{"allow":["GET"]}}],"collection":[{"href":"https:\/\/jm-metropole.com.br\/site\/wp-json\/wp\/v2\/posts"}],"about":[{"href":"https:\/\/jm-metropole.com.br\/site\/wp-json\/wp\/v2\/types\/post"}],"author":[{"embeddable":true,"href":"https:\/\/jm-metropole.com.br\/site\/wp-json\/wp\/v2\/users\/1"}],"replies":[{"embeddable":true,"href":"https:\/\/jm-metropole.com.br\/site\/wp-json\/wp\/v2\/comments?post=2507"}],"version-history":[{"count":1,"href":"https:\/\/jm-metropole.com.br\/site\/wp-json\/wp\/v2\/posts\/2507\/revisions"}],"predecessor-version":[{"id":2509,"href":"https:\/\/jm-metropole.com.br\/site\/wp-json\/wp\/v2\/posts\/2507\/revisions\/2509"}],"wp:featuredmedia":[{"embeddable":true,"href":"https:\/\/jm-metropole.com.br\/site\/wp-json\/wp\/v2\/media\/2508"}],"wp:attachment":[{"href":"https:\/\/jm-metropole.com.br\/site\/wp-json\/wp\/v2\/media?parent=2507"}],"wp:term":[{"taxonomy":"category","embeddable":true,"href":"https:\/\/jm-metropole.com.br\/site\/wp-json\/wp\/v2\/categories?post=2507"},{"taxonomy":"post_tag","embeddable":true,"href":"https:\/\/jm-metropole.com.br\/site\/wp-json\/wp\/v2\/tags?post=2507"}],"curies":[{"name":"wp","href":"https:\/\/api.w.org\/{rel}","templated":true}]}}