{"id":25068,"date":"2025-05-21T15:27:19","date_gmt":"2025-05-21T18:27:19","guid":{"rendered":"https:\/\/jm-metropole.com.br\/site\/?p=25068"},"modified":"2025-05-21T15:27:19","modified_gmt":"2025-05-21T18:27:19","slug":"itaqua-promove-acoes-da-campanha-faca-bonito-de-protecao-as-criancas-e-adolescentes","status":"publish","type":"post","link":"https:\/\/jm-metropole.com.br\/site\/itaqua-promove-acoes-da-campanha-faca-bonito-de-protecao-as-criancas-e-adolescentes\/","title":{"rendered":"Itaqu\u00e1 promove a\u00e7\u00f5es da campanha Fa\u00e7a Bonito de prote\u00e7\u00e3o \u00e0s crian\u00e7as e adolescentes"},"content":{"rendered":"<p>Programa\u00e7\u00e3o integra a mobiliza\u00e7\u00e3o nacional<\/p>\n<p>A Secretaria de Assist\u00eancia Social de Itaquaquecetuba est\u00e1 promovendo uma programa\u00e7\u00e3o especial da campanha Maio Laranja \u2013 Fa\u00e7a Bonito, que busca conscientizar a popula\u00e7\u00e3o sobre o enfrentamento ao abuso e \u00e0 explora\u00e7\u00e3o sexual de crian\u00e7as e adolescentes.<\/p>\n<p>A a\u00e7\u00e3o integra a mobiliza\u00e7\u00e3o nacional e no \u00faltimo s\u00e1bado (18), aconteceu uma atividade no parque ecol\u00f3gico com distribui\u00e7\u00e3o de materiais informativos, adesivos e orienta\u00e7\u00f5es sobre os canais de den\u00fancia, como o Disque 100 e o Conselho Tutelar.<\/p>\n<p>Na ter\u00e7a-feira (21), foi realizada uma caminhada com concentra\u00e7\u00e3o no parque e encerramento na pra\u00e7a central, com apresenta\u00e7\u00f5es das crian\u00e7as, idosos e da Banda da GCM. Participaram da a\u00e7\u00e3o estudantes da rede municipal, idosos do Centro de Conviv\u00eancia da Melhor Idade (CEMI), a rede socioassistencial e o Conselho Tutelar.<\/p>\n<p>Tamb\u00e9m teve in\u00edcio a a\u00e7\u00e3o &#8220;CRAS nos Bairros&#8221;, com atividades de sensibiliza\u00e7\u00e3o nas escolas e institui\u00e7\u00f5es parceiras. S\u00e3o promovidas rodas de conversa, conta\u00e7\u00e3o de hist\u00f3rias com fantoches, din\u00e2micas sobre sinais de abuso e orienta\u00e7\u00e3o com t\u00e9cnicos dos CRAS e do Conselho Tutelar.<\/p>\n<p>Al\u00e9m da Assist\u00eancia Social, a campanha \u00e9 coordenada pelas secretarias de Educa\u00e7\u00e3o, Sa\u00fade, Cultura e Seguran\u00e7a, conforme explica o secret\u00e1rio Gabriel Rocha. &#8220;O Fa\u00e7a Bonito \u00e9 uma campanha nacional que est\u00e1 ganhando for\u00e7a em Itaqu\u00e1 ano ap\u00f3s ano. Nosso objetivo \u00e9 ampliar cada vez mais esse trabalho e contar com o apoio das secretarias \u00e9 ainda melhor.&#8221;<\/p>\n<p>&#8220;Um time alinhado promove grandes projetos e \u00e9 esse recado que o Fa\u00e7a Bonito 2025 est\u00e1 refor\u00e7ando em Itaqu\u00e1, al\u00e9m de ser uma pauta important\u00edssima. Cuidar da inf\u00e2ncia \u00e9 cuidar do nosso futuro, ent\u00e3o vamos proteger quem mais precisa e oferecer acolhimento, apoio e preven\u00e7\u00e3o&#8221;, completou o prefeito Eduardo Boigues.<\/p>\n<p>Fotos: Dayane Oliveira<\/p>\n","protected":false},"excerpt":{"rendered":"<p>Programa\u00e7\u00e3o integra a mobiliza\u00e7\u00e3o nacional A Secretaria de Assist\u00eancia Social de Itaquaquecetuba est\u00e1 promovendo uma programa\u00e7\u00e3o especial da campanha Maio Laranja \u2013 Fa\u00e7a Bonito, que busca conscientizar a popula\u00e7\u00e3o sobre o enfrentamento ao abuso e \u00e0 explora\u00e7\u00e3o sexual de crian\u00e7as e adolescentes. A a\u00e7\u00e3o integra a mobiliza\u00e7\u00e3o nacional e no \u00faltimo s\u00e1bado (18), aconteceu uma [&hellip;]<\/p>\n","protected":false},"author":1,"featured_media":25069,"comment_status":"open","ping_status":"open","sticky":false,"template":"","format":"standard","meta":{"footnotes":""},"categories":[6],"tags":[],"class_list":{"0":"post-25068","1":"post","2":"type-post","3":"status-publish","4":"format-standard","5":"has-post-thumbnail","7":"category-itaqua"},"_links":{"self":[{"href":"https:\/\/jm-metropole.com.br\/site\/wp-json\/wp\/v2\/posts\/25068","targetHints":{"allow":["GET"]}}],"collection":[{"href":"https:\/\/jm-metropole.com.br\/site\/wp-json\/wp\/v2\/posts"}],"about":[{"href":"https:\/\/jm-metropole.com.br\/site\/wp-json\/wp\/v2\/types\/post"}],"author":[{"embeddable":true,"href":"https:\/\/jm-metropole.com.br\/site\/wp-json\/wp\/v2\/users\/1"}],"replies":[{"embeddable":true,"href":"https:\/\/jm-metropole.com.br\/site\/wp-json\/wp\/v2\/comments?post=25068"}],"version-history":[{"count":1,"href":"https:\/\/jm-metropole.com.br\/site\/wp-json\/wp\/v2\/posts\/25068\/revisions"}],"predecessor-version":[{"id":25070,"href":"https:\/\/jm-metropole.com.br\/site\/wp-json\/wp\/v2\/posts\/25068\/revisions\/25070"}],"wp:featuredmedia":[{"embeddable":true,"href":"https:\/\/jm-metropole.com.br\/site\/wp-json\/wp\/v2\/media\/25069"}],"wp:attachment":[{"href":"https:\/\/jm-metropole.com.br\/site\/wp-json\/wp\/v2\/media?parent=25068"}],"wp:term":[{"taxonomy":"category","embeddable":true,"href":"https:\/\/jm-metropole.com.br\/site\/wp-json\/wp\/v2\/categories?post=25068"},{"taxonomy":"post_tag","embeddable":true,"href":"https:\/\/jm-metropole.com.br\/site\/wp-json\/wp\/v2\/tags?post=25068"}],"curies":[{"name":"wp","href":"https:\/\/api.w.org\/{rel}","templated":true}]}}