{"id":25064,"date":"2025-05-21T15:25:52","date_gmt":"2025-05-21T18:25:52","guid":{"rendered":"https:\/\/jm-metropole.com.br\/site\/?p=25064"},"modified":"2025-05-21T15:29:47","modified_gmt":"2025-05-21T18:29:47","slug":"itaqua-libera-vacinacao-contra-a-gripe-para-publico-geral-a-partir-desta-quarta-21","status":"publish","type":"post","link":"https:\/\/jm-metropole.com.br\/site\/itaqua-libera-vacinacao-contra-a-gripe-para-publico-geral-a-partir-desta-quarta-21\/","title":{"rendered":"Itaqu\u00e1 libera vacina\u00e7\u00e3o contra a gripe para p\u00fablico geral a partir desta quarta (21)"},"content":{"rendered":"<p>Imunizante est\u00e1 dispon\u00edvel nas unidades de sa\u00fade do munic\u00edpio<\/p>\n<p>A Secretaria de Sa\u00fade de Itaquaquecetuba liberou, a partir desta quarta-feira (21), a vacina\u00e7\u00e3o contra a Influenza para todas as pessoas com idade a partir de seis meses. O imunizante est\u00e1 dispon\u00edvel nas unidades de sa\u00fade do munic\u00edpio, de segunda a sexta, das 7h30 \u00e0s 16h30. Para se vacinar, \u00e9 necess\u00e1rio apresentar RG, CPF e a caderneta de vacina\u00e7\u00e3o.<\/p>\n<p>A vacina protege contra os principais v\u00edrus da gripe em circula\u00e7\u00e3o, incluindo Influenza A (H1N1 e H3N2) e Influenza B, e \u00e9 fundamental para reduzir complica\u00e7\u00f5es, interna\u00e7\u00f5es e \u00f3bitos provocados pela doen\u00e7a. At\u00e9 o momento, apenas 15% da popula\u00e7\u00e3o recebeu as doses. A cidade ainda conta com pelo menos 17 mil doses dispon\u00edveis.<\/p>\n<p>De acordo com o secret\u00e1rio de Sa\u00fade, a expectativa \u00e9 zerar o estoque de imunizantes. \u201cA amplia\u00e7\u00e3o da campanha para o p\u00fablico geral \u00e9 essencial para aumentarmos a cobertura vacinal e protegermos a popula\u00e7\u00e3o neste per\u00edodo de maior circula\u00e7\u00e3o do v\u00edrus. Al\u00e9m disso, \u00e9 importante que o p\u00fablico priorit\u00e1rio fique atento \u00e0 necessidade de se vacinar\u201d, destacou o chefe da pasta.<\/p>\n<p>O prefeito Eduardo Boigues refor\u00e7ou a import\u00e2ncia da vacina\u00e7\u00e3o como um ato coletivo. \u201cEstamos fazendo nossa parte ao garantir o acesso \u00e0 vacina. Agora \u00e9 a vez da popula\u00e7\u00e3o comparecer \u00e0s unidades e se proteger. Vacina salva vidas\u201d, concluiu.<\/p>\n<p>Endere\u00e7o das unidades<\/p>\n<p>Am\u00e9rica (avenida Pedro da Cunha Albuquerque Lopes, 2.500)<br \/>\nCaiuby (estrada dos \u00cdndios, 1.125)<br \/>\nCaic (rua Quinze de Novembro, 1.210)<br \/>\nJardim do Carmo (rua Ja\u00fa, 26)<br \/>\nJosely (rua Floresta, 43)<br \/>\nMaragogipe (rua Paulistania, 95)<br \/>\nMarengo (avenida Gon\u00e7alves Dias, 651)<br \/>\nMiray (rua Maring\u00e1, 865)<br \/>\nMonte Belo (rua Aruj\u00e1, 25)<br \/>\nMorro Branco (rua Rio Grande do Sul, 585)<br \/>\nNicea\/Louzada (rua Diamante, 181)<br \/>\nOdete (rua Visconde de Taunay, 270)<br \/>\nPaineira (rua Serra do Paranapiacaba, 380)<br \/>\nPequeno Cora\u00e7\u00e3o (rua Vasco da Gama, 201)<br \/>\nPiratininga (rua Te\u00f3filo Braga, 147)<br \/>\nFortuna (estrada do Campo Limpo, 658)<\/p>\n<p>Fotos: Dayane Oliveira<\/p>\n","protected":false},"excerpt":{"rendered":"<p>Imunizante est\u00e1 dispon\u00edvel nas unidades de sa\u00fade do munic\u00edpio A Secretaria de Sa\u00fade de Itaquaquecetuba liberou, a partir desta quarta-feira (21), a vacina\u00e7\u00e3o contra a Influenza para todas as pessoas com idade a partir de seis meses. O imunizante est\u00e1 dispon\u00edvel nas unidades de sa\u00fade do munic\u00edpio, de segunda a sexta, das 7h30 \u00e0s 16h30. [&hellip;]<\/p>\n","protected":false},"author":1,"featured_media":25065,"comment_status":"open","ping_status":"open","sticky":false,"template":"","format":"standard","meta":{"footnotes":""},"categories":[6],"tags":[],"class_list":{"0":"post-25064","1":"post","2":"type-post","3":"status-publish","4":"format-standard","5":"has-post-thumbnail","7":"category-itaqua"},"_links":{"self":[{"href":"https:\/\/jm-metropole.com.br\/site\/wp-json\/wp\/v2\/posts\/25064","targetHints":{"allow":["GET"]}}],"collection":[{"href":"https:\/\/jm-metropole.com.br\/site\/wp-json\/wp\/v2\/posts"}],"about":[{"href":"https:\/\/jm-metropole.com.br\/site\/wp-json\/wp\/v2\/types\/post"}],"author":[{"embeddable":true,"href":"https:\/\/jm-metropole.com.br\/site\/wp-json\/wp\/v2\/users\/1"}],"replies":[{"embeddable":true,"href":"https:\/\/jm-metropole.com.br\/site\/wp-json\/wp\/v2\/comments?post=25064"}],"version-history":[{"count":1,"href":"https:\/\/jm-metropole.com.br\/site\/wp-json\/wp\/v2\/posts\/25064\/revisions"}],"predecessor-version":[{"id":25066,"href":"https:\/\/jm-metropole.com.br\/site\/wp-json\/wp\/v2\/posts\/25064\/revisions\/25066"}],"wp:featuredmedia":[{"embeddable":true,"href":"https:\/\/jm-metropole.com.br\/site\/wp-json\/wp\/v2\/media\/25065"}],"wp:attachment":[{"href":"https:\/\/jm-metropole.com.br\/site\/wp-json\/wp\/v2\/media?parent=25064"}],"wp:term":[{"taxonomy":"category","embeddable":true,"href":"https:\/\/jm-metropole.com.br\/site\/wp-json\/wp\/v2\/categories?post=25064"},{"taxonomy":"post_tag","embeddable":true,"href":"https:\/\/jm-metropole.com.br\/site\/wp-json\/wp\/v2\/tags?post=25064"}],"curies":[{"name":"wp","href":"https:\/\/api.w.org\/{rel}","templated":true}]}}