{"id":25061,"date":"2025-05-21T15:24:49","date_gmt":"2025-05-21T18:24:49","guid":{"rendered":"https:\/\/jm-metropole.com.br\/site\/?p=25061"},"modified":"2025-05-21T15:24:49","modified_gmt":"2025-05-21T18:24:49","slug":"frente-parlamentar-feminina-do-alto-tiete-formaliza-camara-tecnica-e-articula-acoes-regionais","status":"publish","type":"post","link":"https:\/\/jm-metropole.com.br\/site\/frente-parlamentar-feminina-do-alto-tiete-formaliza-camara-tecnica-e-articula-acoes-regionais\/","title":{"rendered":"Frente Parlamentar Feminina do Alto Tiet\u00ea formaliza C\u00e2mara T\u00e9cnica e articula a\u00e7\u00f5es regionais"},"content":{"rendered":"<p>Evento realizado em Santa Isabel contou com participa\u00e7\u00e3o de vereadoras e representantes da regi\u00e3o<\/p>\n<p>\ud83d\udccdNa tarde de quarta-feira (15\/05), a C\u00e2mara Municipal de Santa Isabel foi palco do 5\u00ba Encontro da Frente Parlamentar Feminina do Alto Tiet\u00ea. O evento, liderado pela vereadora Professora Cris (PSD), de Aruj\u00e1, atual presidente da Frente, reuniu representantes de diversos munic\u00edpios da regi\u00e3o para debater pautas estrat\u00e9gicas voltadas \u00e0 promo\u00e7\u00e3o dos direitos das mulheres.<\/p>\n<p>\ud83d\udcf2Leia a mat\u00e9ria na \u00edntegra: https:\/\/www.camaraaruja.sp.gov.br\/noticias\/frente-parlamentar-feminina-do-alto-tiete-formaliza-camara-tecnica-e-articula-acoes-regionais<\/p>\n","protected":false},"excerpt":{"rendered":"<p>Evento realizado em Santa Isabel contou com participa\u00e7\u00e3o de vereadoras e representantes da regi\u00e3o \ud83d\udccdNa tarde de quarta-feira (15\/05), a C\u00e2mara Municipal de Santa Isabel foi palco do 5\u00ba Encontro da Frente Parlamentar Feminina do Alto Tiet\u00ea. O evento, liderado pela vereadora Professora Cris (PSD), de Aruj\u00e1, atual presidente da Frente, reuniu representantes de diversos [&hellip;]<\/p>\n","protected":false},"author":1,"featured_media":25062,"comment_status":"open","ping_status":"open","sticky":false,"template":"","format":"standard","meta":{"footnotes":""},"categories":[5],"tags":[],"class_list":{"0":"post-25061","1":"post","2":"type-post","3":"status-publish","4":"format-standard","5":"has-post-thumbnail","7":"category-santa-isabel"},"_links":{"self":[{"href":"https:\/\/jm-metropole.com.br\/site\/wp-json\/wp\/v2\/posts\/25061","targetHints":{"allow":["GET"]}}],"collection":[{"href":"https:\/\/jm-metropole.com.br\/site\/wp-json\/wp\/v2\/posts"}],"about":[{"href":"https:\/\/jm-metropole.com.br\/site\/wp-json\/wp\/v2\/types\/post"}],"author":[{"embeddable":true,"href":"https:\/\/jm-metropole.com.br\/site\/wp-json\/wp\/v2\/users\/1"}],"replies":[{"embeddable":true,"href":"https:\/\/jm-metropole.com.br\/site\/wp-json\/wp\/v2\/comments?post=25061"}],"version-history":[{"count":1,"href":"https:\/\/jm-metropole.com.br\/site\/wp-json\/wp\/v2\/posts\/25061\/revisions"}],"predecessor-version":[{"id":25063,"href":"https:\/\/jm-metropole.com.br\/site\/wp-json\/wp\/v2\/posts\/25061\/revisions\/25063"}],"wp:featuredmedia":[{"embeddable":true,"href":"https:\/\/jm-metropole.com.br\/site\/wp-json\/wp\/v2\/media\/25062"}],"wp:attachment":[{"href":"https:\/\/jm-metropole.com.br\/site\/wp-json\/wp\/v2\/media?parent=25061"}],"wp:term":[{"taxonomy":"category","embeddable":true,"href":"https:\/\/jm-metropole.com.br\/site\/wp-json\/wp\/v2\/categories?post=25061"},{"taxonomy":"post_tag","embeddable":true,"href":"https:\/\/jm-metropole.com.br\/site\/wp-json\/wp\/v2\/tags?post=25061"}],"curies":[{"name":"wp","href":"https:\/\/api.w.org\/{rel}","templated":true}]}}