{"id":25052,"date":"2025-05-21T13:19:22","date_gmt":"2025-05-21T16:19:22","guid":{"rendered":"https:\/\/jm-metropole.com.br\/site\/?p=25052"},"modified":"2025-05-21T13:19:22","modified_gmt":"2025-05-21T16:19:22","slug":"veja-como-regularizar-na-justica-o-titulo-eleitoral-cancelado","status":"publish","type":"post","link":"https:\/\/jm-metropole.com.br\/site\/veja-como-regularizar-na-justica-o-titulo-eleitoral-cancelado\/","title":{"rendered":"Veja como regularizar na Justi\u00e7a o t\u00edtulo eleitoral cancelado"},"content":{"rendered":"<div class=\"header-noticia full-width\">\n<div class=\"linha-fina-noticia\">Mais de 5 milh\u00f5es de t\u00edtulos foram cancelados, diz TSE<\/div>\n<\/div>\n<div class=\"container-autoria\"><\/div>\n<div>\n<p><strong>Quem teve o t\u00edtulo cancelado pela Justi\u00e7a Eleitoral ainda pode requerer a regulariza\u00e7\u00e3o do documento,<\/strong>\u00a0evitando assim impedimentos como o de votar e ser votado.<img decoding=\"async\" src=\"https:\/\/agenciabrasil.ebc.com.br\/ebc.png?id=1643478&amp;o=node\" \/><img decoding=\"async\" src=\"https:\/\/agenciabrasil.ebc.com.br\/ebc.gif?id=1643478&amp;o=node\" \/><\/p>\n<p>Na segunda-feira (19), o\u00a0<strong>Tribunal Superior Eleitoral (TSE) informou que mais de\u00a0<a href=\"https:\/\/www.tse.jus.br\/comunicacao\/noticias\/2025\/Maio\/cancelamento-de-titulos-eleitores-ja-podem-requerer-regularizacao\" target=\"_blank\" rel=\"noopener\">5 milh\u00f5es de t\u00edtulos foram cancelados<\/a>\u00a0<\/strong>pois seus detentores faltaram \u00e0s tr\u00eas \u00faltimas elei\u00e7\u00f5es de vota\u00e7\u00e3o obrigat\u00f3ria e n\u00e3o justificaram a aus\u00eancia ou pagaram a multa estipulada pela legisla\u00e7\u00e3o.<\/p>\n<p>Al\u00e9m de n\u00e3o poder participar do pleito, seja votando ou sendo votado, o\u00a0<strong>cidad\u00e3o com t\u00edtulo cancelado fica sujeito a uma s\u00e9rie de impedimentos, n\u00e3o podendo tomar posse em concursos p\u00fablicos, renovar matr\u00edcula em institui\u00e7\u00f5es de ensino p\u00fablica ou tirar passaporte.<\/strong><\/p>\n<p><a href=\"https:\/\/www.tse.jus.br\/servicos-eleitorais\/autoatendimento-eleitoral#\/\" target=\"_blank\" rel=\"noopener\">Para regularizar, o eleitor deve primeiro checar a situa\u00e7\u00e3o de seu t\u00edtulo<\/a>, presencialmente no cart\u00f3rio eleitoral de seu domic\u00edlio eleitoral ou no autoatendimento pela internet.\u00a0<strong>Se for confirmado o cancelamento, o cidad\u00e3o pode protocolar um requerimento para que o documento seja regularizado fora do prazo.<\/strong><\/p>\n<p><a href=\"https:\/\/www.whatsapp.com\/channel\/0029VaoRTgrInlqYLSk59B2M\" target=\"_blank\" rel=\"noopener\">&gt;&gt; Siga o canal da\u00a0<strong>Ag\u00eancia Brasil\u00a0<\/strong>no WhatsApp<\/a><\/p>\n<p><strong>\u00c9 necess\u00e1rio justificar, de prefer\u00eancia com provas documentais<\/strong>,\u00a0<strong>a aus\u00eancia nos pleitos de comparecimento obrigat\u00f3rio, ou pagar as multas correspondentes.<\/strong>\u00a0Tamb\u00e9m n\u00e3o adianta somente cumprir as exig\u00eancias, sendo imprevis\u00edvel tamb\u00e9m preencher o requerimento espec\u00edfico, seja no pr\u00f3prio cart\u00f3rio ou no autoatendimento\u00a0<em>online<\/em>,\u00a0<strong>clicando na op\u00e7\u00e3o T\u00edtulo Eleitoral e, depois, em op\u00e7\u00e3o 6<\/strong>.<\/p>\n<p>A verifica\u00e7\u00e3o e o cancelamento de t\u00edtulos irregulares ocorrem sempre em anos n\u00e3o eleitorais, como forma de manter atualizado o cadastro nacional de eleitores e conforme determina a legisla\u00e7\u00e3o eleitoral.<\/p>\n<p>*Com informa\u00e7\u00f5es de Ag\u00eancia Brasil<\/p>\n<\/div>\n","protected":false},"excerpt":{"rendered":"<p>Mais de 5 milh\u00f5es de t\u00edtulos foram cancelados, diz TSE Quem teve o t\u00edtulo cancelado pela Justi\u00e7a Eleitoral ainda pode requerer a regulariza\u00e7\u00e3o do documento,\u00a0evitando assim impedimentos como o de votar e ser votado. Na segunda-feira (19), o\u00a0Tribunal Superior Eleitoral (TSE) informou que mais de\u00a05 milh\u00f5es de t\u00edtulos foram cancelados\u00a0pois seus detentores faltaram \u00e0s tr\u00eas [&hellip;]<\/p>\n","protected":false},"author":1,"featured_media":25053,"comment_status":"open","ping_status":"open","sticky":false,"template":"","format":"standard","meta":{"footnotes":""},"categories":[48],"tags":[],"class_list":{"0":"post-25052","1":"post","2":"type-post","3":"status-publish","4":"format-standard","5":"has-post-thumbnail","7":"category-geral"},"_links":{"self":[{"href":"https:\/\/jm-metropole.com.br\/site\/wp-json\/wp\/v2\/posts\/25052","targetHints":{"allow":["GET"]}}],"collection":[{"href":"https:\/\/jm-metropole.com.br\/site\/wp-json\/wp\/v2\/posts"}],"about":[{"href":"https:\/\/jm-metropole.com.br\/site\/wp-json\/wp\/v2\/types\/post"}],"author":[{"embeddable":true,"href":"https:\/\/jm-metropole.com.br\/site\/wp-json\/wp\/v2\/users\/1"}],"replies":[{"embeddable":true,"href":"https:\/\/jm-metropole.com.br\/site\/wp-json\/wp\/v2\/comments?post=25052"}],"version-history":[{"count":1,"href":"https:\/\/jm-metropole.com.br\/site\/wp-json\/wp\/v2\/posts\/25052\/revisions"}],"predecessor-version":[{"id":25054,"href":"https:\/\/jm-metropole.com.br\/site\/wp-json\/wp\/v2\/posts\/25052\/revisions\/25054"}],"wp:featuredmedia":[{"embeddable":true,"href":"https:\/\/jm-metropole.com.br\/site\/wp-json\/wp\/v2\/media\/25053"}],"wp:attachment":[{"href":"https:\/\/jm-metropole.com.br\/site\/wp-json\/wp\/v2\/media?parent=25052"}],"wp:term":[{"taxonomy":"category","embeddable":true,"href":"https:\/\/jm-metropole.com.br\/site\/wp-json\/wp\/v2\/categories?post=25052"},{"taxonomy":"post_tag","embeddable":true,"href":"https:\/\/jm-metropole.com.br\/site\/wp-json\/wp\/v2\/tags?post=25052"}],"curies":[{"name":"wp","href":"https:\/\/api.w.org\/{rel}","templated":true}]}}