{"id":25049,"date":"2025-05-21T09:51:26","date_gmt":"2025-05-21T12:51:26","guid":{"rendered":"https:\/\/jm-metropole.com.br\/site\/?p=25049"},"modified":"2025-05-21T09:51:26","modified_gmt":"2025-05-21T12:51:26","slug":"defesa-civil-de-sp-e-centro-paula-souza-lancam-curso-tecnico-inedito-em-defesa-civil","status":"publish","type":"post","link":"https:\/\/jm-metropole.com.br\/site\/defesa-civil-de-sp-e-centro-paula-souza-lancam-curso-tecnico-inedito-em-defesa-civil\/","title":{"rendered":"Defesa Civil de SP e Centro Paula Souza lan\u00e7am curso t\u00e9cnico in\u00e9dito em defesa civil"},"content":{"rendered":"<div class=\"elementor-element elementor-element-4784657 elementor-widget__width-initial elementor-widget elementor-widget-theme-post-excerpt\" data-id=\"4784657\" data-element_type=\"widget\" data-widget_type=\"theme-post-excerpt.default\">\n<div class=\"elementor-widget-container\">Com foco em gest\u00e3o de riscos e emerg\u00eancias, forma\u00e7\u00e3o prepara profissionais para atua\u00e7\u00e3o em setores p\u00fablicos e privados<\/div>\n<\/div>\n<div class=\"elementor-element elementor-element-4b063fb elementor-widget elementor-widget-image\" data-id=\"4b063fb\" data-element_type=\"widget\" data-widget_type=\"image.default\"><\/div>\n<div data-id=\"4b063fb\" data-element_type=\"widget\" data-widget_type=\"image.default\">\n<p>A Defesa Civil do Estado de S\u00e3o Paulo e o Centro Paula Souza (CPS) est\u00e3o com inscri\u00e7\u00f5es abertas para o primeiro curso t\u00e9cnico em Defesa Civil. A iniciativa, in\u00e9dita e estrat\u00e9gica, tem como objetivo capacitar tecnicamente estudantes no enfrentamento aos desafios clim\u00e1ticos e ambientais, qualificando assim profissionais para atua\u00e7\u00e3o em \u00f3rg\u00e3os p\u00fablicos e empresas privadas.<\/p>\n<p>O curso gratuito ser\u00e1 oferecido, inicialmente, em duas Escolas T\u00e9cnicas Estaduais (Etecs): Professor Apr\u00edgio Gonzaga, no bairro da Penha, zona leste da Capital, e Vasco Ant\u00f4nio Venchiarutti, em Jundia\u00ed. Com carga hor\u00e1ria de 800 horas, distribu\u00eddas ao longo de dois semestres, as aulas ser\u00e3o presenciais e voltadas a candidatos que tenham conclu\u00eddo o Ensino M\u00e9dio ou estejam matriculados a partir da 2\u00aa s\u00e9rie.<\/p>\n<p><strong>LEIA TAMB\u00c9M:\u00a0<a role=\"link\" href=\"https:\/\/www.agenciasp.sp.gov.br\/curso-tecnico-na-etec-em-defesa-civil\/\">Vestibulinho das Etecs de SP ter\u00e1 curso t\u00e9cnico em Defesa Civil<\/a><\/strong><\/p>\n<p><strong>A grade curricular contempla conte\u00fados como:<\/strong><br \/>\n\u2022 monitoramento e gest\u00e3o de riscos;<br \/>\n\u2022 elabora\u00e7\u00e3o de planos de conting\u00eancia;<br \/>\n\u2022 gest\u00e3o de abrigos tempor\u00e1rios;<br \/>\n\u2022 educa\u00e7\u00e3o preventiva nas comunidades;<br \/>\n\u2022 uso de sistemas de informa\u00e7\u00f5es geogr\u00e1ficas (SIG);<br \/>\n\u2022 e estrat\u00e9gias de mobiliza\u00e7\u00e3o e coordena\u00e7\u00e3o em situa\u00e7\u00f5es de emerg\u00eancia.<\/p>\n<p>O curso est\u00e1 alinhado \u00e0s diretrizes da Pol\u00edtica Nacional de Prote\u00e7\u00e3o e Defesa Civil (PNPDEC) e \u00e0s estrat\u00e9gias de gest\u00e3o de risco do Governo do Estado. Ao se formar, o aluno estar\u00e1 apto a atuar em \u00e1reas como meteorologia, climatologia, hidrologia, consultorias, seguradoras, portos, ferrovias, centros de pesquisa, al\u00e9m de institui\u00e7\u00f5es p\u00fablicas e privadas ligadas \u00e0 prote\u00e7\u00e3o e defesa civil.<\/p>\n<p>\u201cAcreditamos que a educa\u00e7\u00e3o \u00e9 uma ferramenta poderosa de transforma\u00e7\u00e3o e essencial para mudar a cultura de percep\u00e7\u00e3o de risco no Estado. Este curso \u00e9 inovador e entregar\u00e1 ao mercado profissionais altamente capacitados, em uma \u00e1rea at\u00e9 ent\u00e3o carente de forma\u00e7\u00e3o t\u00e9cnica\u201d, afirma o Coronel Henguel Ricardo Pereira, coordenador Estadual de Prote\u00e7\u00e3o e Defesa Civil.<\/p>\n<p>Com esta iniciativa, o Governo de S\u00e3o Paulo refor\u00e7a seu compromisso com a valoriza\u00e7\u00e3o da Educa\u00e7\u00e3o Profissional e Tecnol\u00f3gica (EPT) e com o fortalecimento da resili\u00eancia da sociedade paulista frente aos desastres. As inscri\u00e7\u00f5es podem ser feitas at\u00e9 dia 10 de junho pelo site vestibulinho.etec.sp.gov.br<\/p>\n<p>*Com informa\u00e7\u00f5es de Ag\u00eancia SP<\/p>\n<\/div>\n","protected":false},"excerpt":{"rendered":"<p>Com foco em gest\u00e3o de riscos e emerg\u00eancias, forma\u00e7\u00e3o prepara profissionais para atua\u00e7\u00e3o em setores p\u00fablicos e privados A Defesa Civil do Estado de S\u00e3o Paulo e o Centro Paula Souza (CPS) est\u00e3o com inscri\u00e7\u00f5es abertas para o primeiro curso t\u00e9cnico em Defesa Civil. A iniciativa, in\u00e9dita e estrat\u00e9gica, tem como objetivo capacitar tecnicamente estudantes [&hellip;]<\/p>\n","protected":false},"author":1,"featured_media":25050,"comment_status":"open","ping_status":"open","sticky":false,"template":"","format":"standard","meta":{"footnotes":""},"categories":[48],"tags":[],"class_list":{"0":"post-25049","1":"post","2":"type-post","3":"status-publish","4":"format-standard","5":"has-post-thumbnail","7":"category-geral"},"_links":{"self":[{"href":"https:\/\/jm-metropole.com.br\/site\/wp-json\/wp\/v2\/posts\/25049","targetHints":{"allow":["GET"]}}],"collection":[{"href":"https:\/\/jm-metropole.com.br\/site\/wp-json\/wp\/v2\/posts"}],"about":[{"href":"https:\/\/jm-metropole.com.br\/site\/wp-json\/wp\/v2\/types\/post"}],"author":[{"embeddable":true,"href":"https:\/\/jm-metropole.com.br\/site\/wp-json\/wp\/v2\/users\/1"}],"replies":[{"embeddable":true,"href":"https:\/\/jm-metropole.com.br\/site\/wp-json\/wp\/v2\/comments?post=25049"}],"version-history":[{"count":1,"href":"https:\/\/jm-metropole.com.br\/site\/wp-json\/wp\/v2\/posts\/25049\/revisions"}],"predecessor-version":[{"id":25051,"href":"https:\/\/jm-metropole.com.br\/site\/wp-json\/wp\/v2\/posts\/25049\/revisions\/25051"}],"wp:featuredmedia":[{"embeddable":true,"href":"https:\/\/jm-metropole.com.br\/site\/wp-json\/wp\/v2\/media\/25050"}],"wp:attachment":[{"href":"https:\/\/jm-metropole.com.br\/site\/wp-json\/wp\/v2\/media?parent=25049"}],"wp:term":[{"taxonomy":"category","embeddable":true,"href":"https:\/\/jm-metropole.com.br\/site\/wp-json\/wp\/v2\/categories?post=25049"},{"taxonomy":"post_tag","embeddable":true,"href":"https:\/\/jm-metropole.com.br\/site\/wp-json\/wp\/v2\/tags?post=25049"}],"curies":[{"name":"wp","href":"https:\/\/api.w.org\/{rel}","templated":true}]}}