{"id":25043,"date":"2025-05-21T09:04:06","date_gmt":"2025-05-21T12:04:06","guid":{"rendered":"https:\/\/jm-metropole.com.br\/site\/?p=25043"},"modified":"2025-05-21T09:04:06","modified_gmt":"2025-05-21T12:04:06","slug":"guarulhos-firma-acordo-de-cooperacao-tecnica-entre-cidades-para-formacao-de-guardas-civis-municipais","status":"publish","type":"post","link":"https:\/\/jm-metropole.com.br\/site\/guarulhos-firma-acordo-de-cooperacao-tecnica-entre-cidades-para-formacao-de-guardas-civis-municipais\/","title":{"rendered":"Guarulhos firma acordo de coopera\u00e7\u00e3o t\u00e9cnica entre cidades para forma\u00e7\u00e3o de guardas civis municipais"},"content":{"rendered":"<p>O audit\u00f3rio da Prefeitura sediou nesta ter\u00e7a-feira (20) a assinatura do Acordo de Coopera\u00e7\u00e3o T\u00e9cnica entre os munic\u00edpios de Guarulhos, Aruj\u00e1, Santa Isabel, Ferraz de Vasconcelos e Francisco Morato para a realiza\u00e7\u00e3o do Curso de Forma\u00e7\u00e3o de Guardas Civis Municipais na Escola de Forma\u00e7\u00e3o e Aperfei\u00e7oamento de Guardas (EFAG), refer\u00eancia no Estado de S\u00e3o Paulo.<\/p>\n<p>O acordo permitir\u00e1 que os novos agentes dessas cidades realizem sua capacita\u00e7\u00e3o em Guarulhos, em um curso com cerca de 1.000 horas\/aula, que inclui disciplinas te\u00f3ricas e pr\u00e1ticas, abordando temas essenciais como responsabilidade funcional, media\u00e7\u00e3o e resolu\u00e7\u00e3o de conflitos, \u00e9tica profissional, armamento e tiro, normas disciplinares, atos administrativos e no\u00e7\u00f5es de direito.<\/p>\n<p>O prefeito de Guarulhos, Lucas Sanches, destacou a import\u00e2ncia do acordo: \u201cUnir for\u00e7as entre munic\u00edpios \u00e9 fundamental para fortalecer a seguran\u00e7a p\u00fablica regional e garantir a forma\u00e7\u00e3o qualificada dos nossos guardas civis, que s\u00e3o essenciais para a prote\u00e7\u00e3o da nossa popula\u00e7\u00e3o\u201d.<\/p>\n<p>O secret\u00e1rio de Seguran\u00e7a P\u00fablica de Guarulhos, Gilson H\u00e9lio, refor\u00e7ou: \u201cCom a capacita\u00e7\u00e3o oferecida pela EFAG, nossa Guarda Civil Municipal estar\u00e1 cada vez mais preparada para atuar com efici\u00eancia e responsabilidade\u201d.<\/p>\n<p>Os representantes das cidades parceiras do acordo comemoraram a integra\u00e7\u00e3o com a administra\u00e7\u00e3o p\u00fablica de Guarulhos, que proporcionar\u00e1 melhorias no combate \u00e0 criminalidade na Regi\u00e3o Metropolitana de S\u00e3o Paulo.<\/p>\n<p>Participaram da solenidade o prefeito de Aruj\u00e1, Luiz Antonio de Camargo; a secret\u00e1ria de Seguran\u00e7a Urbana e Defesa Civil de Ferraz de Vasconcelos, Daniela Cristina; o prefeito de Santa Isabel, Carlos Augusto Chinchilla; e o prefeito de Francisco Morato, Ildo Gusm\u00e3o.<\/p>\n<p>Foto: Diego Frois\/PMG<\/p>\n","protected":false},"excerpt":{"rendered":"<p>O audit\u00f3rio da Prefeitura sediou nesta ter\u00e7a-feira (20) a assinatura do Acordo de Coopera\u00e7\u00e3o T\u00e9cnica entre os munic\u00edpios de Guarulhos, Aruj\u00e1, Santa Isabel, Ferraz de Vasconcelos e Francisco Morato para a realiza\u00e7\u00e3o do Curso de Forma\u00e7\u00e3o de Guardas Civis Municipais na Escola de Forma\u00e7\u00e3o e Aperfei\u00e7oamento de Guardas (EFAG), refer\u00eancia no Estado de S\u00e3o Paulo. [&hellip;]<\/p>\n","protected":false},"author":1,"featured_media":25044,"comment_status":"open","ping_status":"open","sticky":false,"template":"","format":"standard","meta":{"footnotes":""},"categories":[3],"tags":[],"class_list":{"0":"post-25043","1":"post","2":"type-post","3":"status-publish","4":"format-standard","5":"has-post-thumbnail","7":"category-guarulhos"},"_links":{"self":[{"href":"https:\/\/jm-metropole.com.br\/site\/wp-json\/wp\/v2\/posts\/25043","targetHints":{"allow":["GET"]}}],"collection":[{"href":"https:\/\/jm-metropole.com.br\/site\/wp-json\/wp\/v2\/posts"}],"about":[{"href":"https:\/\/jm-metropole.com.br\/site\/wp-json\/wp\/v2\/types\/post"}],"author":[{"embeddable":true,"href":"https:\/\/jm-metropole.com.br\/site\/wp-json\/wp\/v2\/users\/1"}],"replies":[{"embeddable":true,"href":"https:\/\/jm-metropole.com.br\/site\/wp-json\/wp\/v2\/comments?post=25043"}],"version-history":[{"count":1,"href":"https:\/\/jm-metropole.com.br\/site\/wp-json\/wp\/v2\/posts\/25043\/revisions"}],"predecessor-version":[{"id":25045,"href":"https:\/\/jm-metropole.com.br\/site\/wp-json\/wp\/v2\/posts\/25043\/revisions\/25045"}],"wp:featuredmedia":[{"embeddable":true,"href":"https:\/\/jm-metropole.com.br\/site\/wp-json\/wp\/v2\/media\/25044"}],"wp:attachment":[{"href":"https:\/\/jm-metropole.com.br\/site\/wp-json\/wp\/v2\/media?parent=25043"}],"wp:term":[{"taxonomy":"category","embeddable":true,"href":"https:\/\/jm-metropole.com.br\/site\/wp-json\/wp\/v2\/categories?post=25043"},{"taxonomy":"post_tag","embeddable":true,"href":"https:\/\/jm-metropole.com.br\/site\/wp-json\/wp\/v2\/tags?post=25043"}],"curies":[{"name":"wp","href":"https:\/\/api.w.org\/{rel}","templated":true}]}}