{"id":25024,"date":"2025-05-20T11:03:00","date_gmt":"2025-05-20T14:03:00","guid":{"rendered":"https:\/\/jm-metropole.com.br\/site\/?p=25024"},"modified":"2025-05-20T11:03:00","modified_gmt":"2025-05-20T14:03:00","slug":"rossandro-klinjey-sera-o-palestrante-no-aniversario-de-2-anos-da-escola-do-legislativo-de-aruja","status":"publish","type":"post","link":"https:\/\/jm-metropole.com.br\/site\/rossandro-klinjey-sera-o-palestrante-no-aniversario-de-2-anos-da-escola-do-legislativo-de-aruja\/","title":{"rendered":"Rossandro Klinjey ser\u00e1 o  palestrante no anivers\u00e1rio de 2 anos da \u2018Escola do Legislativo\u2019 de Aruj\u00e1"},"content":{"rendered":"<p>No dia 4 de junho, em comemora\u00e7\u00e3o aos dois anos do in\u00edcio do projeto \u201cEscola do Legislativo\u201d, a C\u00e2mara de Aruj\u00e1\u00a0organizar\u00e1 a palestra \u201cAprendendo com as derrotas e crescendo com as adversidades\u201d, ministrada pelo psic\u00f3logo\u00a0Rossandro Klinjey. Ele \u00e9 um renomado psic\u00f3logo, palestrante e um dos maiores especialistas em sa\u00fade mental do Brasil al\u00e9m de colunista da R\u00e1dio CBN. Rossandro Klinjey \u00e9 tamb\u00e9m especialista em educa\u00e7\u00e3o e desenvolvimento humano. Ele \u00e9 consultor da Rede Globo em temas relacionados a comportamento<\/p>\n<p>A palestra acontecer\u00e1 no audit\u00f3rio da Perfect Liberty, na Avenida PL do Brasil, 8.000, \u00e0s 18h30. A entrada no evento \u00e9 gratuita, por\u00e9m haver\u00e1 limita\u00e7\u00e3o de 1000 vagas para assistir a palestra, que \u00e9 a capacidade m\u00e1xima do local. Os ingressos poder\u00e3o ser trocados por um quilo de alimento n\u00e3o perec\u00edvel. As doa\u00e7\u00f5es ser\u00e3o destinadas ao Fundo Social de Solidariedade arujaense.<\/p>\n<p>Em entrevista coletiva, realizada na C\u00e2mara na manh\u00e3 da \u00faltima segunda-feira (19), a presidente da Casa, Cristiane Ara\u00fajo Pedro de Oliveira (PSD), a Prof\u00aa Cris do Barreto, falou sobre a import\u00e2ncia do programa, de receber um convidado de tamanho gabarito e da oportunidade de tratar do tema da sa\u00fade mental.<\/p>\n<p>\u201cEu acompanho h\u00e1 muito tempo e acho ele fant\u00e1stico, com uma did\u00e1tica muito boa, se aproxima muito f\u00e1cil da gente, com uma linguagem gostosa. A minha expectativa \u00e9 a melhor poss\u00edvel, principalmente para n\u00f3s, educadores. E a sa\u00fade mental, n\u00f3s sabemos como mexe muito com a vida da gente, a gente realmente precisa estar com a sa\u00fade mental muito boa\u201d, disse.<\/p>\n<p>A expectativa \u00e9 de casa cheia no audit\u00f3rio da PL. Os interessados em participar da palestra devem ficar atentos \u00e0 troca dos convites, que acontecer\u00e1 na sede da C\u00e2mara Municipal.<\/p>\n","protected":false},"excerpt":{"rendered":"<p>No dia 4 de junho, em comemora\u00e7\u00e3o aos dois anos do in\u00edcio do projeto \u201cEscola do Legislativo\u201d, a C\u00e2mara de Aruj\u00e1\u00a0organizar\u00e1 a palestra \u201cAprendendo com as derrotas e crescendo com as adversidades\u201d, ministrada pelo psic\u00f3logo\u00a0Rossandro Klinjey. Ele \u00e9 um renomado psic\u00f3logo, palestrante e um dos maiores especialistas em sa\u00fade mental do Brasil al\u00e9m de colunista [&hellip;]<\/p>\n","protected":false},"author":1,"featured_media":25025,"comment_status":"open","ping_status":"open","sticky":false,"template":"","format":"standard","meta":{"footnotes":""},"categories":[1],"tags":[],"class_list":{"0":"post-25024","1":"post","2":"type-post","3":"status-publish","4":"format-standard","5":"has-post-thumbnail","7":"category-tudo"},"_links":{"self":[{"href":"https:\/\/jm-metropole.com.br\/site\/wp-json\/wp\/v2\/posts\/25024","targetHints":{"allow":["GET"]}}],"collection":[{"href":"https:\/\/jm-metropole.com.br\/site\/wp-json\/wp\/v2\/posts"}],"about":[{"href":"https:\/\/jm-metropole.com.br\/site\/wp-json\/wp\/v2\/types\/post"}],"author":[{"embeddable":true,"href":"https:\/\/jm-metropole.com.br\/site\/wp-json\/wp\/v2\/users\/1"}],"replies":[{"embeddable":true,"href":"https:\/\/jm-metropole.com.br\/site\/wp-json\/wp\/v2\/comments?post=25024"}],"version-history":[{"count":1,"href":"https:\/\/jm-metropole.com.br\/site\/wp-json\/wp\/v2\/posts\/25024\/revisions"}],"predecessor-version":[{"id":25026,"href":"https:\/\/jm-metropole.com.br\/site\/wp-json\/wp\/v2\/posts\/25024\/revisions\/25026"}],"wp:featuredmedia":[{"embeddable":true,"href":"https:\/\/jm-metropole.com.br\/site\/wp-json\/wp\/v2\/media\/25025"}],"wp:attachment":[{"href":"https:\/\/jm-metropole.com.br\/site\/wp-json\/wp\/v2\/media?parent=25024"}],"wp:term":[{"taxonomy":"category","embeddable":true,"href":"https:\/\/jm-metropole.com.br\/site\/wp-json\/wp\/v2\/categories?post=25024"},{"taxonomy":"post_tag","embeddable":true,"href":"https:\/\/jm-metropole.com.br\/site\/wp-json\/wp\/v2\/tags?post=25024"}],"curies":[{"name":"wp","href":"https:\/\/api.w.org\/{rel}","templated":true}]}}