{"id":25021,"date":"2025-05-20T11:01:58","date_gmt":"2025-05-20T14:01:58","guid":{"rendered":"https:\/\/jm-metropole.com.br\/site\/?p=25021"},"modified":"2025-05-20T11:04:26","modified_gmt":"2025-05-20T14:04:26","slug":"vem-ai-o-missa-aruja-2025","status":"publish","type":"post","link":"https:\/\/jm-metropole.com.br\/site\/vem-ai-o-missa-aruja-2025\/","title":{"rendered":"Vem a\u00ed o Miss Aruj\u00e1 2025"},"content":{"rendered":"<p>O evento \u00e9 realizado em Aruj\u00e1 dede 2006<\/p>\n<p>O Miss Aruj\u00e1 \u00e9 um tradicional evento da cidade que re\u00fane uma equipe de profissionais competentes que trabalha duro por tr\u00eas meses na prepara\u00e7\u00e3o e organiza\u00e7\u00e3o deste grande evento.<br \/>\nO empres\u00e1rio, organizador e promotor do Miss Aruj\u00e1, Luiz Em\u00eddio, falou ao JM Metr\u00f3pole sobre o concurso miss Aruj\u00e1 2025<\/p>\n<p>\u201cUm concurso lindo, transparente e que exige minha dedica\u00e7\u00e3o total, s\u00e3o cerca de tr\u00eas meses de prepara\u00e7\u00e3o: seleciono as candidatas e durante seis domingos me re\u00fano com minha equipe e elas para os ensaios. N\u00f3s ensinamos as coreografias, t\u00e9cnicas de passarela, dan\u00e7a e comportamento em p\u00fablico\u201d, disse.<\/p>\n<p>\u201cMe dedico o m\u00e1ximo poss\u00edvel para que elas possam realmente viver essa experi\u00eancia \u00fanica, de forma inesquec\u00edvel. Claro que nada disso seria poss\u00edvel sem o apoio dos meus parceiros e patrocinadores, que est\u00e3o sempre ao meu lado e me ajudam a transformar o Miss Aruj\u00e1 em um grande evento\u201d, completou o empres\u00e1rio.<\/p>\n<p>\u201cTamb\u00e9m sou imensamente grato ao nosso prefeito Dr. Lu\u00eds Camargo e \u00e0 primeira-dama Clau Camargo. Nesta gest\u00e3o, eles sempre demonstraram apoio e sensibilidade com esse projeto que tanto amo. Minha gratid\u00e3o especial \u00e0 Prefeitura de Aruj\u00e1, que segue acreditando e investindo no Miss Aruj\u00e1\u201d, concluiu Luiz Em\u00eddio\u201d.<br \/>\nO evento \u00e9 destaque anual em Aruj\u00e1 e tem o total apoio do poder p\u00fabico, na figura do prefeito Dr. Camargo e da primeira dama Clau Camargo, que incentivam e promovem a cultura, p lazer e o entretenimento na cidade de Aruj\u00e1.<\/p>\n","protected":false},"excerpt":{"rendered":"<p>O evento \u00e9 realizado em Aruj\u00e1 dede 2006 O Miss Aruj\u00e1 \u00e9 um tradicional evento da cidade que re\u00fane uma equipe de profissionais competentes que trabalha duro por tr\u00eas meses na prepara\u00e7\u00e3o e organiza\u00e7\u00e3o deste grande evento. O empres\u00e1rio, organizador e promotor do Miss Aruj\u00e1, Luiz Em\u00eddio, falou ao JM Metr\u00f3pole sobre o concurso miss [&hellip;]<\/p>\n","protected":false},"author":1,"featured_media":25022,"comment_status":"open","ping_status":"open","sticky":false,"template":"","format":"standard","meta":{"footnotes":""},"categories":[4],"tags":[],"class_list":{"0":"post-25021","1":"post","2":"type-post","3":"status-publish","4":"format-standard","5":"has-post-thumbnail","7":"category-aruja"},"_links":{"self":[{"href":"https:\/\/jm-metropole.com.br\/site\/wp-json\/wp\/v2\/posts\/25021","targetHints":{"allow":["GET"]}}],"collection":[{"href":"https:\/\/jm-metropole.com.br\/site\/wp-json\/wp\/v2\/posts"}],"about":[{"href":"https:\/\/jm-metropole.com.br\/site\/wp-json\/wp\/v2\/types\/post"}],"author":[{"embeddable":true,"href":"https:\/\/jm-metropole.com.br\/site\/wp-json\/wp\/v2\/users\/1"}],"replies":[{"embeddable":true,"href":"https:\/\/jm-metropole.com.br\/site\/wp-json\/wp\/v2\/comments?post=25021"}],"version-history":[{"count":2,"href":"https:\/\/jm-metropole.com.br\/site\/wp-json\/wp\/v2\/posts\/25021\/revisions"}],"predecessor-version":[{"id":25027,"href":"https:\/\/jm-metropole.com.br\/site\/wp-json\/wp\/v2\/posts\/25021\/revisions\/25027"}],"wp:featuredmedia":[{"embeddable":true,"href":"https:\/\/jm-metropole.com.br\/site\/wp-json\/wp\/v2\/media\/25022"}],"wp:attachment":[{"href":"https:\/\/jm-metropole.com.br\/site\/wp-json\/wp\/v2\/media?parent=25021"}],"wp:term":[{"taxonomy":"category","embeddable":true,"href":"https:\/\/jm-metropole.com.br\/site\/wp-json\/wp\/v2\/categories?post=25021"},{"taxonomy":"post_tag","embeddable":true,"href":"https:\/\/jm-metropole.com.br\/site\/wp-json\/wp\/v2\/tags?post=25021"}],"curies":[{"name":"wp","href":"https:\/\/api.w.org\/{rel}","templated":true}]}}