{"id":25012,"date":"2025-05-20T06:57:03","date_gmt":"2025-05-20T09:57:03","guid":{"rendered":"https:\/\/jm-metropole.com.br\/site\/?p=25012"},"modified":"2025-05-20T06:57:03","modified_gmt":"2025-05-20T09:57:03","slug":"prefeitura-acelera-obras-de-ampliacao-e-modernizacao-da-ubs-parque-cecap","status":"publish","type":"post","link":"https:\/\/jm-metropole.com.br\/site\/prefeitura-acelera-obras-de-ampliacao-e-modernizacao-da-ubs-parque-cecap\/","title":{"rendered":"Prefeitura acelera obras de amplia\u00e7\u00e3o e moderniza\u00e7\u00e3o da UBS Parque Cecap"},"content":{"rendered":"<p>A Unidade B\u00e1sica de Sa\u00fade (UBS) Parque Cecap est\u00e1 passando por obras de amplia\u00e7\u00e3o e moderniza\u00e7\u00e3o para melhorar o atendimento ao p\u00fablico e aprimorar a estrutura aos servidores municipais que atuam neste equipamento p\u00fablico.<\/p>\n<p>As obras est\u00e3o em ritmo acelerado e t\u00eam previs\u00e3o de t\u00e9rmino para o segundo semestre deste ano, quando a unidade ser\u00e1 entregue totalmente modernizada, proporcionando um ambiente mais adequado e confort\u00e1vel para pacientes e profissionais.<\/p>\n<p>\u201cEssa unidade est\u00e1 totalmente prec\u00e1ria, deteriorada, sem as m\u00ednimas condi\u00e7\u00f5es para os servidores e para atender \u00e0 popula\u00e7\u00e3o. Nossa preocupa\u00e7\u00e3o \u00e9 que o mun\u00edcipe n\u00e3o fique sem atendimento. Vamos correr muito para que a obra fique pronta o mais r\u00e1pido poss\u00edvel e entregar uma unidade modernizada, humanizada e com amplia\u00e7\u00e3o dos atendimentos com mais funcion\u00e1rios\u201d, destacou o prefeito Lucas Sanches.<\/p>\n<p>Durante o per\u00edodo das obras, os servi\u00e7os ser\u00e3o redistribu\u00eddos temporariamente para UBSs e outros equipamentos p\u00fablicos da regi\u00e3o:<br \/>\n* Rodovi\u00e1ria Cecap: Administra\u00e7\u00e3o, recep\u00e7\u00e3o, consultas m\u00e9dicas, equipe EMAD e Consult\u00f3rio na Rua<br \/>\n* UBS Vila F\u00e1tima: Farm\u00e1cia, procedimentos de enfermagem, curativos e entrega de insumos<br \/>\n* UBS Paraventi: Odontologia<br \/>\n* UBS Vila Barros: Vacina\u00e7\u00e3o e farm\u00e1cia<br \/>\n* UBS Tranquilidade e Flor da Montanha: Libera\u00e7\u00e3o de psicotr\u00f3picos<\/p>\n<p>&nbsp;<\/p>\n","protected":false},"excerpt":{"rendered":"<p>A Unidade B\u00e1sica de Sa\u00fade (UBS) Parque Cecap est\u00e1 passando por obras de amplia\u00e7\u00e3o e moderniza\u00e7\u00e3o para melhorar o atendimento ao p\u00fablico e aprimorar a estrutura aos servidores municipais que atuam neste equipamento p\u00fablico. As obras est\u00e3o em ritmo acelerado e t\u00eam previs\u00e3o de t\u00e9rmino para o segundo semestre deste ano, quando a unidade ser\u00e1 [&hellip;]<\/p>\n","protected":false},"author":1,"featured_media":25013,"comment_status":"open","ping_status":"open","sticky":false,"template":"","format":"standard","meta":{"footnotes":""},"categories":[3],"tags":[],"class_list":{"0":"post-25012","1":"post","2":"type-post","3":"status-publish","4":"format-standard","5":"has-post-thumbnail","7":"category-guarulhos"},"_links":{"self":[{"href":"https:\/\/jm-metropole.com.br\/site\/wp-json\/wp\/v2\/posts\/25012","targetHints":{"allow":["GET"]}}],"collection":[{"href":"https:\/\/jm-metropole.com.br\/site\/wp-json\/wp\/v2\/posts"}],"about":[{"href":"https:\/\/jm-metropole.com.br\/site\/wp-json\/wp\/v2\/types\/post"}],"author":[{"embeddable":true,"href":"https:\/\/jm-metropole.com.br\/site\/wp-json\/wp\/v2\/users\/1"}],"replies":[{"embeddable":true,"href":"https:\/\/jm-metropole.com.br\/site\/wp-json\/wp\/v2\/comments?post=25012"}],"version-history":[{"count":1,"href":"https:\/\/jm-metropole.com.br\/site\/wp-json\/wp\/v2\/posts\/25012\/revisions"}],"predecessor-version":[{"id":25014,"href":"https:\/\/jm-metropole.com.br\/site\/wp-json\/wp\/v2\/posts\/25012\/revisions\/25014"}],"wp:featuredmedia":[{"embeddable":true,"href":"https:\/\/jm-metropole.com.br\/site\/wp-json\/wp\/v2\/media\/25013"}],"wp:attachment":[{"href":"https:\/\/jm-metropole.com.br\/site\/wp-json\/wp\/v2\/media?parent=25012"}],"wp:term":[{"taxonomy":"category","embeddable":true,"href":"https:\/\/jm-metropole.com.br\/site\/wp-json\/wp\/v2\/categories?post=25012"},{"taxonomy":"post_tag","embeddable":true,"href":"https:\/\/jm-metropole.com.br\/site\/wp-json\/wp\/v2\/tags?post=25012"}],"curies":[{"name":"wp","href":"https:\/\/api.w.org\/{rel}","templated":true}]}}