{"id":25006,"date":"2025-05-19T17:40:20","date_gmt":"2025-05-19T20:40:20","guid":{"rendered":"https:\/\/jm-metropole.com.br\/site\/?p=25006"},"modified":"2025-05-19T17:40:20","modified_gmt":"2025-05-19T20:40:20","slug":"operacao-fronteiras-seguras-no-alto-tiete-do-condemat-apreende-10-kg-de-drogas-recupera-1-veiculo-e-prende-4-pessoas-em-flagrante","status":"publish","type":"post","link":"https:\/\/jm-metropole.com.br\/site\/operacao-fronteiras-seguras-no-alto-tiete-do-condemat-apreende-10-kg-de-drogas-recupera-1-veiculo-e-prende-4-pessoas-em-flagrante\/","title":{"rendered":"\u201cOpera\u00e7\u00e3o Fronteiras Seguras no Alto Tiet\u00ea\u201d do Condemat+ apreende 10 kg de drogas; recupera 1 ve\u00edculo e prende 4 pessoas em flagrante"},"content":{"rendered":"<p>A\u00e7\u00e3o foi articulada pela C\u00e2mara T\u00e9cnica de Seguran\u00e7a e \u00e9 considerada a maior articula\u00e7\u00e3o regional j\u00e1 realizada. Participaram os munic\u00edpios simultaneamente com apoio das Pol\u00edcias Civil e Militar<\/p>\n<p>Foi realizada nesta quinta-feira (15) a \u201cOpera\u00e7\u00e3o Fronteiras do Alto Tiet\u00ea\u201d, organizada pelo Cons\u00f3rcio de Desenvolvimento dos Munic\u00edpios do Alto Tiet\u00ea (Condemat+) e que envolveu as for\u00e7as de seguran\u00e7a em uma megaopera\u00e7\u00e3o. Com in\u00edcio \u00e0s 15 horas e t\u00e9rmino \u00e0s 23 horas a a\u00e7\u00e3o contou com blitze e pontos de bloqueio. Foram apreendidos 10,4 kg de drogas entre crack, coca\u00edna, maconha e lan\u00e7a perfume. Na opera\u00e7\u00e3o, 4 pessoas foram presas em flagrante, 1 caminh\u00e3o produto de roubo foi recuperado; 45 autos de infra\u00e7\u00e3o de tr\u00e2nsito foram aplicados e 2 motos recolhidas.<\/p>\n<p>Aruj\u00e1 participou tamb\u00e9m em conjunto com as GCMs de Guarulhos e Itaquaquecetuba, com 20 guardas, oito equipes e oito viaturas, sendo quatro motocicletas. Pela GCM Aruj\u00e1 foram abordados 23 ve\u00edculos, 42 motos e 81 pessoas, com dois ve\u00edculos recolhidos, uma ocorr\u00eancia de entorpecentes apreendidos e um flagrante.<\/p>\n<p>A a\u00e7\u00e3o contou com 195 agentes da Guarda Civil Municipal da regi\u00e3o, 97 viaturas, e mais 31 policiais militares e dois policiais civis. No balan\u00e7o geral, a \u201cOpera\u00e7\u00e3o Fronteiras\u201d realizou a abordagem de 116 ve\u00edculos, 134 motocicletas e 346 pessoas. As pris\u00f5es em flagrante foram por crime ambiental, tr\u00e1fico de drogas e feminic\u00eddio. Esse \u00faltimo, tem como v\u00edtima uma jovem de 19 anos.<\/p>\n<p>A organiza\u00e7\u00e3o foi uma iniciativa da C\u00e2mara T\u00e9cnica de Seguran\u00e7a que re\u00fane representantes de todas as cidades consorciadas. A articula\u00e7\u00e3o tem como objetivo refor\u00e7ar a seguran\u00e7a nas divisas, assim como atuar de forma ostensiva nas principais vias de acesso da regi\u00e3o. Segundo a coordenadora da CT e secret\u00e1ria de Seguran\u00e7a de Ferraz de Vasconcelos, coronel Daniele de Freitas, era preciso que houvesse uma integra\u00e7\u00e3o entre as for\u00e7as de seguran\u00e7a para combater a criminalidade que atravessa as fronteiras da cidade.<\/p>\n<p>\u201cTivemos um resultado muito expressivo que mostrou que a opera\u00e7\u00e3o deu certo. Foram mais de 10 quilos de drogas, isso \u00e9 um desfalque para o crime. \u00c9 uma quantidade que deixou de circular e gerar lucro para o tr\u00e1fico de drogas. Vimos a nossa articula\u00e7\u00e3o como algo pioneiro e que, realmente, mostrou efetividade. E os resultados vieram\u201d.<\/p>\n<p>Vale ressaltar que o Condemat+ possui um acordo de coopera\u00e7\u00e3o desde 2022 que prev\u00ea a a\u00e7\u00e3o coordenada entre os munic\u00edpios para a\u00e7\u00e3o de seguran\u00e7a. Ou seja, d\u00e1 respaldo legal para que uma corpora\u00e7\u00e3o possa prestar apoio em outra cidade.<br \/>\nOpera\u00e7\u00e3o<\/p>\n<p>Foram realizados pontos de bloqueio em locais estrat\u00e9gicos do Alto Tiet\u00ea, previamente levantados pelas cidades, baseados nas ocorr\u00eancias e informa\u00e7\u00f5es da intelig\u00eancia das corpora\u00e7\u00f5es.<\/p>\n","protected":false},"excerpt":{"rendered":"<p>A\u00e7\u00e3o foi articulada pela C\u00e2mara T\u00e9cnica de Seguran\u00e7a e \u00e9 considerada a maior articula\u00e7\u00e3o regional j\u00e1 realizada. Participaram os munic\u00edpios simultaneamente com apoio das Pol\u00edcias Civil e Militar Foi realizada nesta quinta-feira (15) a \u201cOpera\u00e7\u00e3o Fronteiras do Alto Tiet\u00ea\u201d, organizada pelo Cons\u00f3rcio de Desenvolvimento dos Munic\u00edpios do Alto Tiet\u00ea (Condemat+) e que envolveu as for\u00e7as [&hellip;]<\/p>\n","protected":false},"author":1,"featured_media":25007,"comment_status":"open","ping_status":"open","sticky":false,"template":"","format":"standard","meta":{"footnotes":""},"categories":[1],"tags":[],"class_list":{"0":"post-25006","1":"post","2":"type-post","3":"status-publish","4":"format-standard","5":"has-post-thumbnail","7":"category-tudo"},"_links":{"self":[{"href":"https:\/\/jm-metropole.com.br\/site\/wp-json\/wp\/v2\/posts\/25006","targetHints":{"allow":["GET"]}}],"collection":[{"href":"https:\/\/jm-metropole.com.br\/site\/wp-json\/wp\/v2\/posts"}],"about":[{"href":"https:\/\/jm-metropole.com.br\/site\/wp-json\/wp\/v2\/types\/post"}],"author":[{"embeddable":true,"href":"https:\/\/jm-metropole.com.br\/site\/wp-json\/wp\/v2\/users\/1"}],"replies":[{"embeddable":true,"href":"https:\/\/jm-metropole.com.br\/site\/wp-json\/wp\/v2\/comments?post=25006"}],"version-history":[{"count":1,"href":"https:\/\/jm-metropole.com.br\/site\/wp-json\/wp\/v2\/posts\/25006\/revisions"}],"predecessor-version":[{"id":25008,"href":"https:\/\/jm-metropole.com.br\/site\/wp-json\/wp\/v2\/posts\/25006\/revisions\/25008"}],"wp:featuredmedia":[{"embeddable":true,"href":"https:\/\/jm-metropole.com.br\/site\/wp-json\/wp\/v2\/media\/25007"}],"wp:attachment":[{"href":"https:\/\/jm-metropole.com.br\/site\/wp-json\/wp\/v2\/media?parent=25006"}],"wp:term":[{"taxonomy":"category","embeddable":true,"href":"https:\/\/jm-metropole.com.br\/site\/wp-json\/wp\/v2\/categories?post=25006"},{"taxonomy":"post_tag","embeddable":true,"href":"https:\/\/jm-metropole.com.br\/site\/wp-json\/wp\/v2\/tags?post=25006"}],"curies":[{"name":"wp","href":"https:\/\/api.w.org\/{rel}","templated":true}]}}