{"id":24967,"date":"2025-05-16T16:56:06","date_gmt":"2025-05-16T19:56:06","guid":{"rendered":"https:\/\/jm-metropole.com.br\/site\/?p=24967"},"modified":"2025-05-16T16:56:06","modified_gmt":"2025-05-16T19:56:06","slug":"membros-do-conselho-municipal-de-educacao-ambiental-tomam-posse","status":"publish","type":"post","link":"https:\/\/jm-metropole.com.br\/site\/membros-do-conselho-municipal-de-educacao-ambiental-tomam-posse\/","title":{"rendered":"Membros do Conselho Municipal de Educa\u00e7\u00e3o Ambiental tomam posse"},"content":{"rendered":"<p>Nesta quarta-feira (14), aconteceu no Centro de Educa\u00e7\u00e3o Ambiental (CEA) Virg\u00ednia Ranali, a posse dos membros dos 15 segmentos do Conselho Municipal de Educa\u00e7\u00e3o Ambiental (CMEA) para o bi\u00eanio 2025\/2027.<\/p>\n<p>O CMEA foi criado pela Lei Municipal 8.239\/2004 com o objetivo instituir a Pol\u00edtica Municipal de Educa\u00e7\u00e3o Ambiental na cidade, em conson\u00e2ncia com as pol\u00edticas nacional e estadual, al\u00e9m de promover a sensibiliza\u00e7\u00e3o e a conscientiza\u00e7\u00e3o da popula\u00e7\u00e3o sobre quest\u00f5es ambientais.<\/p>\n<p>O Conselho \u00e9 formado por representantes do poder p\u00fablico e da sociedade civil. Na ocasi\u00e3o, tomaram posse 15 membros e seus respectivos suplentes e tamb\u00e9m houve a elei\u00e7\u00e3o dos componentes da diretoria do CMEA.<\/p>\n<p>Como presidente, os conselheiros elegeram, Roberto Carlos Castro Marcondes de Campos (Secretaria de Sa\u00fade) e L\u00edgia Gon\u00e7alves Dall\u2019occo (C\u00e2mara Municipal), que v\u00e3o exercer a presid\u00eancia de forma compartilhada. Tamb\u00e9m foram eleitos a vice-presidente, Priscila Narciso da Silva (sociedade civil) e a secret\u00e1ria-executiva, Vivian de Castro Baldi (Secretaria de Meio Ambiente).<\/p>\n<p>Membros do Conselho Municipal de Educa\u00e7\u00e3o Ambiental<\/p>\n<p>I &#8211; SECRETARIA DE MEIO AMBIENTE<br \/>\nTitular: Vivian de Castro Baldi<br \/>\nSuplente: Celso Thomaz Garcia<\/p>\n<p>II &#8211; SECRETARIA DE EDUCA\u00c7\u00c3O<br \/>\nTitular: Denise de Oliveira Camargo<\/p>\n<p>III &#8211; SECRETARIA DA SA\u00daDE<br \/>\nTitular: Roberto Carlos Castro Marcondes de Campos<br \/>\nSuplente: Juliana Martins da Silva<\/p>\n<p>IV &#8211; SECRETARIA DE SERVI\u00c7OS P\u00daBLICOS<br \/>\nTitular: Carlos Arthur Salgado<br \/>\nSuplente: Jessica Mendes<\/p>\n<p>V &#8211; SECRETARIA PARA ASSUNTOS DE SEGURAN\u00c7A P\u00daBLICA<br \/>\nTitular: Cl\u00e1udio Rog\u00e9rio Chamelete<br \/>\nSuplente: Carlos Alberto Barbosa<\/p>\n<p>VI &#8211; COORDENADORIA MUNICIPAL DE PROTE\u00c7\u00c3O E DEFESA CIVIL<br \/>\nTitular: Matheus dos Santos Costa<br \/>\nSuplente: Arnaldo Fernandes Perez J\u00fanior<\/p>\n<p>VII &#8211; C\u00c2MARA MUNICIPAL DE GUARULHOS<br \/>\nTitular: Auriel Pereira do Nascimento Filho<br \/>\nSuplente: L\u00edgia Gon\u00e7alves Dall\u2019occo<\/p>\n<p>VIII &#8211; SECRETARIA ESTADUAL DE EDUCA\u00c7\u00c3O \u2013 DIRETORIA DE ENSINO NORTE<br \/>\nTitular: Denise Monteiro Campos<br \/>\nSuplente:Fabiane de Jesus Santos<\/p>\n<p>IX &#8211; SECRETARIA ESTADUAL DE EDUCA\u00c7\u00c3O \u2013 DIRETORIA DE ENSINO SUL<br \/>\nTitular: Fl\u00e1vio Borges do Nascimento<br \/>\nSuplente: Cl\u00e1udia Segantini Leme<\/p>\n<p>X &#8211; ONG SOCIOAMBIENTAL \u2013 ASSOCIA\u00c7\u00c3O B\u00c1RBARA CRISTINA S\u00c1<br \/>\nTitular: Priscila Narcizo da Silva<br \/>\nSuplente:Marcus Vinicius da Silva Rodrigues<\/p>\n<p>XI &#8211; ASSOCIA\u00c7\u00c3O DE CATADORES DO ALTO TIET\u00ca<br \/>\nTitular: Erika dos Santos de Holanda Gon\u00e7alves<br \/>\nSuplente: Querliane Souza Santos de Novais<\/p>\n<p>XII &#8211; CLUBE DE SERVI\u00c7OS &#8211; LIONS CLUB<br \/>\nTitular: Carla Geanfrancisco Falasca<br \/>\nSuplente: Luzia Moniz da Camara Val\u00e9rio<\/p>\n<p>XIII &#8211; CIESP\/FIESP<br \/>\nTitular: Glauce Simoni Loredo Laxy<br \/>\nSuplente: Sandro Oliveira Das Chagas<\/p>\n<p>XIV &#8211; ASSOCIA\u00c7\u00c3O DE COM\u00c9RCIO E SERVI\u00c7O<br \/>\nTitular: Paulo Roberto Cesso<br \/>\nSuplente: Vitor Augusto Lima Viviani<\/p>\n<p>XV &#8211; SESC GUARULHOS<br \/>\nTitular: Oswaldo Ferreira de Almeida Junior<br \/>\nSuplente: Kelly Cec\u00edlia Teixeira Ferrari<\/p>\n","protected":false},"excerpt":{"rendered":"<p>Nesta quarta-feira (14), aconteceu no Centro de Educa\u00e7\u00e3o Ambiental (CEA) Virg\u00ednia Ranali, a posse dos membros dos 15 segmentos do Conselho Municipal de Educa\u00e7\u00e3o Ambiental (CMEA) para o bi\u00eanio 2025\/2027. O CMEA foi criado pela Lei Municipal 8.239\/2004 com o objetivo instituir a Pol\u00edtica Municipal de Educa\u00e7\u00e3o Ambiental na cidade, em conson\u00e2ncia com as pol\u00edticas [&hellip;]<\/p>\n","protected":false},"author":1,"featured_media":24968,"comment_status":"open","ping_status":"open","sticky":false,"template":"","format":"standard","meta":{"footnotes":""},"categories":[3],"tags":[],"class_list":{"0":"post-24967","1":"post","2":"type-post","3":"status-publish","4":"format-standard","5":"has-post-thumbnail","7":"category-guarulhos"},"_links":{"self":[{"href":"https:\/\/jm-metropole.com.br\/site\/wp-json\/wp\/v2\/posts\/24967","targetHints":{"allow":["GET"]}}],"collection":[{"href":"https:\/\/jm-metropole.com.br\/site\/wp-json\/wp\/v2\/posts"}],"about":[{"href":"https:\/\/jm-metropole.com.br\/site\/wp-json\/wp\/v2\/types\/post"}],"author":[{"embeddable":true,"href":"https:\/\/jm-metropole.com.br\/site\/wp-json\/wp\/v2\/users\/1"}],"replies":[{"embeddable":true,"href":"https:\/\/jm-metropole.com.br\/site\/wp-json\/wp\/v2\/comments?post=24967"}],"version-history":[{"count":1,"href":"https:\/\/jm-metropole.com.br\/site\/wp-json\/wp\/v2\/posts\/24967\/revisions"}],"predecessor-version":[{"id":24969,"href":"https:\/\/jm-metropole.com.br\/site\/wp-json\/wp\/v2\/posts\/24967\/revisions\/24969"}],"wp:featuredmedia":[{"embeddable":true,"href":"https:\/\/jm-metropole.com.br\/site\/wp-json\/wp\/v2\/media\/24968"}],"wp:attachment":[{"href":"https:\/\/jm-metropole.com.br\/site\/wp-json\/wp\/v2\/media?parent=24967"}],"wp:term":[{"taxonomy":"category","embeddable":true,"href":"https:\/\/jm-metropole.com.br\/site\/wp-json\/wp\/v2\/categories?post=24967"},{"taxonomy":"post_tag","embeddable":true,"href":"https:\/\/jm-metropole.com.br\/site\/wp-json\/wp\/v2\/tags?post=24967"}],"curies":[{"name":"wp","href":"https:\/\/api.w.org\/{rel}","templated":true}]}}