{"id":24910,"date":"2025-05-15T11:48:56","date_gmt":"2025-05-15T14:48:56","guid":{"rendered":"https:\/\/jm-metropole.com.br\/site\/?p=24910"},"modified":"2025-05-15T11:48:56","modified_gmt":"2025-05-15T14:48:56","slug":"nucleo-de-bem-estar-animal-realizara-feira-de-adocao-e-arrecadacao-de-racao-neste-domingo-18-5-no-mercado-do-produtor","status":"publish","type":"post","link":"https:\/\/jm-metropole.com.br\/site\/nucleo-de-bem-estar-animal-realizara-feira-de-adocao-e-arrecadacao-de-racao-neste-domingo-18-5-no-mercado-do-produtor\/","title":{"rendered":"N\u00facleo de Bem-Estar Animal realizar\u00e1 Feira de Ado\u00e7\u00e3o e arrecada\u00e7\u00e3o de ra\u00e7\u00e3o neste domingo (18\/5), no Mercado do Produtor"},"content":{"rendered":"<p>A Secretaria Municipal de Meio Ambiente e Prote\u00e7\u00e3o Animal, por meio do N\u00facleo de Bem-estar Animal (Nubea), realizar\u00e1 neste domingo (18\/5), das 9h \u00e0s 12h, uma Feira de Ado\u00e7\u00e3o de Animais e Arrecada\u00e7\u00e3o de Ra\u00e7\u00e3o no Mercado do Produtor (avenida Prefeito Carlos Ferreira Lopes, 550, Mogilar). A a\u00e7\u00e3o tem como objetivo encontrar lares amorosos para c\u00e3es e gatos que aguardam uma fam\u00edlia, al\u00e9m de arrecadar ra\u00e7\u00e3o para o Banco de Ra\u00e7\u00e3o, que atende animais sob os cuidados do Nubea.<\/p>\n<p>Al\u00e9m disso, no dia 22 de maio ser\u00e1 realizada a 3\u00aa edi\u00e7\u00e3o do Programa &#8220;Seu Amigo Pet&#8221;, no distrito de Jundiapeba. Um dos principais destaques da a\u00e7\u00e3o ser\u00e1 o Mutir\u00e3o de Castra\u00e7\u00e3o de Animais, voltado exclusivamente a tutores cadastrados no Cad\u00danico. As inscri\u00e7\u00f5es dever\u00e3o ser realizadas presencialmente nesta quinta-feira (15\/5), das 9h \u00e0s 16h, no Largo da Feira de Jundiapeba (Av. Presidente Altino Arantes, 559). Ser\u00e3o disponibilizadas 200 vagas, destinadas aos moradores do distrito.<\/p>\n<p>Os documentos necess\u00e1rios para inscri\u00e7\u00e3o s\u00e3o RG e CPF, comprovante de endere\u00e7o, Cart\u00e3o SIS, folha resumo do Cad\u00danico (modelo V7) e formul\u00e1rio com informa\u00e7\u00f5es sobre o animal (dispon\u00edvel no local). Cada tutor poder\u00e1 inscrever at\u00e9 tr\u00eas animais por CPF.<\/p>\n<p>No dia 22 de maio, durante a manh\u00e3 ser\u00e3o realizadas as castra\u00e7\u00f5es de c\u00e3es machos e f\u00eameas, enquanto no per\u00edodo da tarde ser\u00e3o atendidos gatos machos e f\u00eameas. Al\u00e9m do mutir\u00e3o de castra\u00e7\u00e3o, o evento contar\u00e1 com feira de variedades exclusiva para protetoras cadastradas no NUBEA, coletor de tampinhas em prol do Fundo Social de Solidariedade de Mogi das Cruzes, espa\u00e7o de hidrata\u00e7\u00e3o para os pets e ponto de Arrecada\u00e7\u00e3o de insumos e ra\u00e7\u00f5es para o Banco de Ra\u00e7\u00e3o do munic\u00edpio.<\/p>\n<p>O &#8220;Seu Amigo Pet&#8221; \u00e9 uma iniciativa itinerante, realizada mensalmente em diferentes bairros e distritos do munic\u00edpio, com o objetivo de promover o bem-estar animal e a posse respons\u00e1vel. As duas primeiras edi\u00e7\u00f5es aconteceram no Mogilar e em Jundiapeba, no gin\u00e1sio Paulo Kobayashi, atendendo mais de 700 animais.<\/p>\n<p>Para mais informa\u00e7\u00f5es, entre em contato com o N\u00facleo de Bem-Estar Animal (Nubea) pelo WhatsApp: (11) 94304-7596.<\/p>\n","protected":false},"excerpt":{"rendered":"<p>A Secretaria Municipal de Meio Ambiente e Prote\u00e7\u00e3o Animal, por meio do N\u00facleo de Bem-estar Animal (Nubea), realizar\u00e1 neste domingo (18\/5), das 9h \u00e0s 12h, uma Feira de Ado\u00e7\u00e3o de Animais e Arrecada\u00e7\u00e3o de Ra\u00e7\u00e3o no Mercado do Produtor (avenida Prefeito Carlos Ferreira Lopes, 550, Mogilar). A a\u00e7\u00e3o tem como objetivo encontrar lares amorosos para [&hellip;]<\/p>\n","protected":false},"author":1,"featured_media":24911,"comment_status":"open","ping_status":"open","sticky":false,"template":"","format":"standard","meta":{"footnotes":""},"categories":[10],"tags":[],"class_list":{"0":"post-24910","1":"post","2":"type-post","3":"status-publish","4":"format-standard","5":"has-post-thumbnail","7":"category-mogi-das-cruzes"},"_links":{"self":[{"href":"https:\/\/jm-metropole.com.br\/site\/wp-json\/wp\/v2\/posts\/24910","targetHints":{"allow":["GET"]}}],"collection":[{"href":"https:\/\/jm-metropole.com.br\/site\/wp-json\/wp\/v2\/posts"}],"about":[{"href":"https:\/\/jm-metropole.com.br\/site\/wp-json\/wp\/v2\/types\/post"}],"author":[{"embeddable":true,"href":"https:\/\/jm-metropole.com.br\/site\/wp-json\/wp\/v2\/users\/1"}],"replies":[{"embeddable":true,"href":"https:\/\/jm-metropole.com.br\/site\/wp-json\/wp\/v2\/comments?post=24910"}],"version-history":[{"count":1,"href":"https:\/\/jm-metropole.com.br\/site\/wp-json\/wp\/v2\/posts\/24910\/revisions"}],"predecessor-version":[{"id":24912,"href":"https:\/\/jm-metropole.com.br\/site\/wp-json\/wp\/v2\/posts\/24910\/revisions\/24912"}],"wp:featuredmedia":[{"embeddable":true,"href":"https:\/\/jm-metropole.com.br\/site\/wp-json\/wp\/v2\/media\/24911"}],"wp:attachment":[{"href":"https:\/\/jm-metropole.com.br\/site\/wp-json\/wp\/v2\/media?parent=24910"}],"wp:term":[{"taxonomy":"category","embeddable":true,"href":"https:\/\/jm-metropole.com.br\/site\/wp-json\/wp\/v2\/categories?post=24910"},{"taxonomy":"post_tag","embeddable":true,"href":"https:\/\/jm-metropole.com.br\/site\/wp-json\/wp\/v2\/tags?post=24910"}],"curies":[{"name":"wp","href":"https:\/\/api.w.org\/{rel}","templated":true}]}}