{"id":24904,"date":"2025-05-14T11:39:06","date_gmt":"2025-05-14T14:39:06","guid":{"rendered":"https:\/\/jm-metropole.com.br\/site\/?p=24904"},"modified":"2025-05-14T11:39:06","modified_gmt":"2025-05-14T14:39:06","slug":"medium-divaldo-franco-morre-aos-98-anos-em-salvador","status":"publish","type":"post","link":"https:\/\/jm-metropole.com.br\/site\/medium-divaldo-franco-morre-aos-98-anos-em-salvador\/","title":{"rendered":"M\u00e9dium Divaldo Franco morre aos 98 anos, em Salvador"},"content":{"rendered":"<div class=\"header-noticia full-width\">\n<div class=\"linha-fina-noticia\">Publicou mais de 260 obras que venderam 10 milh\u00f5es de exemplares<\/div>\n<\/div>\n<div class=\"container-autoria\"><\/div>\n<div>\n<p>O\u00a0<strong>m\u00e9dium baiano Divaldo Franco morreu, na noite desta ter\u00e7a-feira (13), aos 98 anos<\/strong>, em Salvador.\u00a0<img decoding=\"async\" src=\"https:\/\/agenciabrasil.ebc.com.br\/ebc.png?id=1642632&amp;o=node\" \/><img decoding=\"async\" src=\"https:\/\/agenciabrasil.ebc.com.br\/ebc.gif?id=1642632&amp;o=node\" \/><\/p>\n<p>Segundo a Mans\u00e3o do Caminho, institui\u00e7\u00e3o esp\u00edrita fundada por ele em 1952, ele faleceu \u00e0s 21h45.<\/p>\n<p>O\u00a0<strong>vel\u00f3rio ser\u00e1 realizado nesta quarta-feira (14), no Gin\u00e1sio da Mans\u00e3o do Caminho, das 9h \u00e0s 20h, na capital baiana<\/strong>.<\/p>\n<p>O enterro ser\u00e1 na quinta-feira (15), \u00e0s 10h, no Cemit\u00e9rio Bosque da Paz, na mesma cidade.<\/p>\n<p>Nascido em 5 de maio de 1927, em Feira de Santana (BA), Divaldo Franco era o mais novo de 13 irm\u00e3os.<\/p>\n<p>Segundo sua biografia oficial,\u00a0<strong>o m\u00e9dium teve sua primeira experi\u00eancia espiritual aos 4 anos de idade<\/strong>, quando teria conversado com sua j\u00e1 falecida av\u00f3.<\/p>\n<p><strong>Em 1947, fundou seu primeiro centro esp\u00edrita, o Caminho da Reden\u00e7\u00e3o<\/strong>, juntamente com Nilson Pereira de Souza, que morreu em 2013. Os dois fundariam a Mans\u00e3o do Caminho cinco anos depois.<\/p>\n<p>De acordo com a Mans\u00e3o do Caminho,\u00a0<strong>Divaldo fez mais de 20 mil confer\u00eancias, em 2,5 mil cidades de 71 pa\u00edses<\/strong>.<\/p>\n<p><strong>Publicou cerca de 260 obras, que venderam mais de 10 milh\u00f5es de exemplares e foram traduzidas para 17 idiomas.<\/strong><\/p>\n<p>*Com informa\u00e7\u00f5es de Ag\u00eancia Brasil<\/p>\n<\/div>\n","protected":false},"excerpt":{"rendered":"<p>Publicou mais de 260 obras que venderam 10 milh\u00f5es de exemplares O\u00a0m\u00e9dium baiano Divaldo Franco morreu, na noite desta ter\u00e7a-feira (13), aos 98 anos, em Salvador.\u00a0 Segundo a Mans\u00e3o do Caminho, institui\u00e7\u00e3o esp\u00edrita fundada por ele em 1952, ele faleceu \u00e0s 21h45. O\u00a0vel\u00f3rio ser\u00e1 realizado nesta quarta-feira (14), no Gin\u00e1sio da Mans\u00e3o do Caminho, das [&hellip;]<\/p>\n","protected":false},"author":1,"featured_media":24905,"comment_status":"open","ping_status":"open","sticky":false,"template":"","format":"standard","meta":{"footnotes":""},"categories":[48],"tags":[],"class_list":{"0":"post-24904","1":"post","2":"type-post","3":"status-publish","4":"format-standard","5":"has-post-thumbnail","7":"category-geral"},"_links":{"self":[{"href":"https:\/\/jm-metropole.com.br\/site\/wp-json\/wp\/v2\/posts\/24904","targetHints":{"allow":["GET"]}}],"collection":[{"href":"https:\/\/jm-metropole.com.br\/site\/wp-json\/wp\/v2\/posts"}],"about":[{"href":"https:\/\/jm-metropole.com.br\/site\/wp-json\/wp\/v2\/types\/post"}],"author":[{"embeddable":true,"href":"https:\/\/jm-metropole.com.br\/site\/wp-json\/wp\/v2\/users\/1"}],"replies":[{"embeddable":true,"href":"https:\/\/jm-metropole.com.br\/site\/wp-json\/wp\/v2\/comments?post=24904"}],"version-history":[{"count":1,"href":"https:\/\/jm-metropole.com.br\/site\/wp-json\/wp\/v2\/posts\/24904\/revisions"}],"predecessor-version":[{"id":24906,"href":"https:\/\/jm-metropole.com.br\/site\/wp-json\/wp\/v2\/posts\/24904\/revisions\/24906"}],"wp:featuredmedia":[{"embeddable":true,"href":"https:\/\/jm-metropole.com.br\/site\/wp-json\/wp\/v2\/media\/24905"}],"wp:attachment":[{"href":"https:\/\/jm-metropole.com.br\/site\/wp-json\/wp\/v2\/media?parent=24904"}],"wp:term":[{"taxonomy":"category","embeddable":true,"href":"https:\/\/jm-metropole.com.br\/site\/wp-json\/wp\/v2\/categories?post=24904"},{"taxonomy":"post_tag","embeddable":true,"href":"https:\/\/jm-metropole.com.br\/site\/wp-json\/wp\/v2\/tags?post=24904"}],"curies":[{"name":"wp","href":"https:\/\/api.w.org\/{rel}","templated":true}]}}