{"id":24898,"date":"2025-05-14T07:04:41","date_gmt":"2025-05-14T10:04:41","guid":{"rendered":"https:\/\/jm-metropole.com.br\/site\/?p=24898"},"modified":"2025-05-14T07:04:41","modified_gmt":"2025-05-14T10:04:41","slug":"gcm-prende-duas-pessoas-por-trafico-no-jardim-alteropolis-e-no-jardim-dona-benta","status":"publish","type":"post","link":"https:\/\/jm-metropole.com.br\/site\/gcm-prende-duas-pessoas-por-trafico-no-jardim-alteropolis-e-no-jardim-dona-benta\/","title":{"rendered":"GCM prende duas pessoas por tr\u00e1fico no Jardim Alter\u00f3polis e no Jardim Dona Benta"},"content":{"rendered":"<p>A\u00e7\u00f5es ocorreram na sexta-feira e no s\u00e1bado da \u00faltima semana (09 e 10\/05), resultando na apreens\u00e3o de mais de 450 por\u00e7\u00f5es de drogas e R$ 517<\/p>\n<p>A Guarda Civil Municipal (GCM) de Suzano efetuou duas importantes pris\u00f5es por tr\u00e1fico de entorpecentes na \u00faltima semana. As ocorr\u00eancias, registradas na sexta-feira e no s\u00e1bado da \u00faltima semana (09 e 10\/05) resultaram na apreens\u00e3o de mais de 450 por\u00e7\u00f5es de drogas, al\u00e9m de R$ 517, celulares e anota\u00e7\u00f5es do tr\u00e1fico. As a\u00e7\u00f5es fazem parte do trabalho preventivo e ostensivo desenvolvido pela corpora\u00e7\u00e3o para o combate ao crime nos bairros da cidade.<\/p>\n<p>Na mais recente ocorr\u00eancia, registrada no per\u00edodo da manh\u00e3, \u00e0s 10 horas, uma mulher foi detida em flagrante por tr\u00e1fico de drogas no Jardim Dona Benta por agentes da For\u00e7a Patrulha. A equipe patrulhava a estrada Takashi Kobata, nas proximidades de um supermercado, quando foi abordada por um mun\u00edcipe, que denunciou movimenta\u00e7\u00f5es suspeitas em uma casa abandonada.<\/p>\n<p>Com apoio da Patrulha Maria da Penha, a mulher foi abordada e revistada por agentes femininas. Junto a seus pertences foram encontrados 81 por\u00e7\u00f5es de coca\u00edna, 52 de crack e 31 de maconha, al\u00e9m de R$ 189,90, dois celulares e anota\u00e7\u00f5es do tr\u00e1fico. Todo o material foi encaminhado \u00e0 Delegacia de Pol\u00edcia Central, onde a mulher permaneceu \u00e0 disposi\u00e7\u00e3o da Justi\u00e7a.<\/p>\n<p>\u201cA atua\u00e7\u00e3o integrada das nossas equipes e o apoio da popula\u00e7\u00e3o tem sido fundamental para impedir o tr\u00e1fico em Suzano\u201d, afirmou o secret\u00e1rio municipal de Seguran\u00e7a Cidad\u00e3, Francisco Balbino. \u201cEssas pris\u00f5es demonstram o compromisso da GCM com a seguran\u00e7a dos bairros e a resposta r\u00e1pida \u00e0s den\u00fancias\u201d, completou.<\/p>\n<p>Um dia antes, outra pris\u00e3o por tr\u00e1fico foi realizada no bairro Jardim Alter\u00f3polis, na rua Manoel Rodrigues de Almeida. Por volta das 11 horas, um homem tentou fugir ao perceber a aproxima\u00e7\u00e3o de viaturas da Ronda Ostensiva com Motocicleta (Romo) e jogou uma sacola em uma \u00e1rea de mata. Ele foi detido dentro de um estabelecimento comercial pr\u00f3ximo.<\/p>\n<p>Durante a abordagem, os agentes encontraram com o suspeito uma por\u00e7\u00e3o de droga, R$ 327,10 e anota\u00e7\u00f5es referentes \u00e0 comercializa\u00e7\u00e3o de entorpecentes. Na sacola havia 86 por\u00e7\u00f5es de coca\u00edna, 141 de maconha e 60 de crack. O homem e os materiais foram levados ao 2\u00ba Distrito Policial do Boa Vista e, ap\u00f3s per\u00edcia no Instituto de Criminal\u00edstica de Mogi das Cruzes, a pris\u00e3o foi ratificada pela Pol\u00edcia Civil. A ocorr\u00eancia teve apoio de agentes do Canil.<\/p>\n<p>\u201cO trabalho da GCM vai muito al\u00e9m da ronda. Atuamos com intelig\u00eancia, di\u00e1logo com a comunidade e coopera\u00e7\u00e3o com outros \u00f3rg\u00e3os de seguran\u00e7a. Nosso foco \u00e9 garantir tranquilidade \u00e0 popula\u00e7\u00e3o\u201d, finalizou Balbino.<\/p>\n<p>A corpora\u00e7\u00e3o orienta a popula\u00e7\u00e3o a continuar colaborando com informa\u00e7\u00f5es, que podem ser repassadas de forma an\u00f4nima pelos telefones 153 e (11) 4746-3297.<\/p>\n<p>Cr\u00e9dito das fotos: Divulga\u00e7\u00e3o\/Secop Suzano<\/p>\n","protected":false},"excerpt":{"rendered":"<p>A\u00e7\u00f5es ocorreram na sexta-feira e no s\u00e1bado da \u00faltima semana (09 e 10\/05), resultando na apreens\u00e3o de mais de 450 por\u00e7\u00f5es de drogas e R$ 517 A Guarda Civil Municipal (GCM) de Suzano efetuou duas importantes pris\u00f5es por tr\u00e1fico de entorpecentes na \u00faltima semana. As ocorr\u00eancias, registradas na sexta-feira e no s\u00e1bado da \u00faltima semana [&hellip;]<\/p>\n","protected":false},"author":1,"featured_media":24899,"comment_status":"open","ping_status":"open","sticky":false,"template":"","format":"standard","meta":{"footnotes":""},"categories":[9],"tags":[],"class_list":{"0":"post-24898","1":"post","2":"type-post","3":"status-publish","4":"format-standard","5":"has-post-thumbnail","7":"category-suzano"},"_links":{"self":[{"href":"https:\/\/jm-metropole.com.br\/site\/wp-json\/wp\/v2\/posts\/24898","targetHints":{"allow":["GET"]}}],"collection":[{"href":"https:\/\/jm-metropole.com.br\/site\/wp-json\/wp\/v2\/posts"}],"about":[{"href":"https:\/\/jm-metropole.com.br\/site\/wp-json\/wp\/v2\/types\/post"}],"author":[{"embeddable":true,"href":"https:\/\/jm-metropole.com.br\/site\/wp-json\/wp\/v2\/users\/1"}],"replies":[{"embeddable":true,"href":"https:\/\/jm-metropole.com.br\/site\/wp-json\/wp\/v2\/comments?post=24898"}],"version-history":[{"count":1,"href":"https:\/\/jm-metropole.com.br\/site\/wp-json\/wp\/v2\/posts\/24898\/revisions"}],"predecessor-version":[{"id":24900,"href":"https:\/\/jm-metropole.com.br\/site\/wp-json\/wp\/v2\/posts\/24898\/revisions\/24900"}],"wp:featuredmedia":[{"embeddable":true,"href":"https:\/\/jm-metropole.com.br\/site\/wp-json\/wp\/v2\/media\/24899"}],"wp:attachment":[{"href":"https:\/\/jm-metropole.com.br\/site\/wp-json\/wp\/v2\/media?parent=24898"}],"wp:term":[{"taxonomy":"category","embeddable":true,"href":"https:\/\/jm-metropole.com.br\/site\/wp-json\/wp\/v2\/categories?post=24898"},{"taxonomy":"post_tag","embeddable":true,"href":"https:\/\/jm-metropole.com.br\/site\/wp-json\/wp\/v2\/tags?post=24898"}],"curies":[{"name":"wp","href":"https:\/\/api.w.org\/{rel}","templated":true}]}}