{"id":24892,"date":"2025-05-14T06:58:10","date_gmt":"2025-05-14T09:58:10","guid":{"rendered":"https:\/\/jm-metropole.com.br\/site\/?p=24892"},"modified":"2025-05-14T06:58:10","modified_gmt":"2025-05-14T09:58:10","slug":"lider-de-organizacao-envolvida-em-crimes-ciberneticos-e-preso-na-grande-sp","status":"publish","type":"post","link":"https:\/\/jm-metropole.com.br\/site\/lider-de-organizacao-envolvida-em-crimes-ciberneticos-e-preso-na-grande-sp\/","title":{"rendered":"L\u00edder de organiza\u00e7\u00e3o envolvida em crimes cibern\u00e9ticos \u00e9 preso na Grande SP"},"content":{"rendered":"<p>A Pol\u00edcia Civil prendeu um homem, de 18 anos, suspeito de liderar uma organiza\u00e7\u00e3o envolvida em crimes cibern\u00e9ticos, incluindo divulga\u00e7\u00e3o de conte\u00fados de abuso sexual infantil, indu\u00e7\u00e3o \u00e0 automutila\u00e7\u00e3o e maus-tratos de animais. As equipes cumpriram um mandado de pris\u00e3o expedido pela Justi\u00e7a na casa dele, em Santa Isabel, na regi\u00e3o metropolitana de S\u00e3o Paulo, nesta ter\u00e7a-feira (13).<\/p>\n<p>Leia mais: https:\/\/www.ssp.sp.gov.br\/noticia\/59010<\/p>\n","protected":false},"excerpt":{"rendered":"<p>A Pol\u00edcia Civil prendeu um homem, de 18 anos, suspeito de liderar uma organiza\u00e7\u00e3o envolvida em crimes cibern\u00e9ticos, incluindo divulga\u00e7\u00e3o de conte\u00fados de abuso sexual infantil, indu\u00e7\u00e3o \u00e0 automutila\u00e7\u00e3o e maus-tratos de animais. As equipes cumpriram um mandado de pris\u00e3o expedido pela Justi\u00e7a na casa dele, em Santa Isabel, na regi\u00e3o metropolitana de S\u00e3o Paulo, [&hellip;]<\/p>\n","protected":false},"author":1,"featured_media":24893,"comment_status":"open","ping_status":"open","sticky":false,"template":"","format":"standard","meta":{"footnotes":""},"categories":[1],"tags":[],"class_list":{"0":"post-24892","1":"post","2":"type-post","3":"status-publish","4":"format-standard","5":"has-post-thumbnail","7":"category-tudo"},"_links":{"self":[{"href":"https:\/\/jm-metropole.com.br\/site\/wp-json\/wp\/v2\/posts\/24892","targetHints":{"allow":["GET"]}}],"collection":[{"href":"https:\/\/jm-metropole.com.br\/site\/wp-json\/wp\/v2\/posts"}],"about":[{"href":"https:\/\/jm-metropole.com.br\/site\/wp-json\/wp\/v2\/types\/post"}],"author":[{"embeddable":true,"href":"https:\/\/jm-metropole.com.br\/site\/wp-json\/wp\/v2\/users\/1"}],"replies":[{"embeddable":true,"href":"https:\/\/jm-metropole.com.br\/site\/wp-json\/wp\/v2\/comments?post=24892"}],"version-history":[{"count":1,"href":"https:\/\/jm-metropole.com.br\/site\/wp-json\/wp\/v2\/posts\/24892\/revisions"}],"predecessor-version":[{"id":24894,"href":"https:\/\/jm-metropole.com.br\/site\/wp-json\/wp\/v2\/posts\/24892\/revisions\/24894"}],"wp:featuredmedia":[{"embeddable":true,"href":"https:\/\/jm-metropole.com.br\/site\/wp-json\/wp\/v2\/media\/24893"}],"wp:attachment":[{"href":"https:\/\/jm-metropole.com.br\/site\/wp-json\/wp\/v2\/media?parent=24892"}],"wp:term":[{"taxonomy":"category","embeddable":true,"href":"https:\/\/jm-metropole.com.br\/site\/wp-json\/wp\/v2\/categories?post=24892"},{"taxonomy":"post_tag","embeddable":true,"href":"https:\/\/jm-metropole.com.br\/site\/wp-json\/wp\/v2\/tags?post=24892"}],"curies":[{"name":"wp","href":"https:\/\/api.w.org\/{rel}","templated":true}]}}