{"id":24889,"date":"2025-05-14T06:45:43","date_gmt":"2025-05-14T09:45:43","guid":{"rendered":"https:\/\/jm-metropole.com.br\/site\/?p=24889"},"modified":"2025-05-14T06:45:43","modified_gmt":"2025-05-14T09:45:43","slug":"anfiteatro-municipal-recebe-o-poeta-da-periferia-sergio-vaz","status":"publish","type":"post","link":"https:\/\/jm-metropole.com.br\/site\/anfiteatro-municipal-recebe-o-poeta-da-periferia-sergio-vaz\/","title":{"rendered":"Anfiteatro Municipal recebe &#8216;O Poeta da Periferia &#8211; S\u00e9rgio Vaz&#8217;"},"content":{"rendered":"<p>A tarde desta ter\u00e7a-feira (13) ficou marcada para alunos do 3\u00b0 ano das Escolas Estaduais Maria Isabel e Rep\u00fablica Dominicana, que puderam apreciar a Poesia Com S\u00e9rgio Vaz, &#8220;O Poeta da Periferia&#8221;, no Anfiteatro Municipal, localizado na rua Perfeita Liberdade, 218, no Jardim \u00c2ngelo, onde mergulharam na for\u00e7a das palavras e na sensibilidade da arte deste aclamado poeta contempor\u00e2neo.<\/p>\n<p>Durante o bate-papo, houve o lan\u00e7amento do projeto &#8220;Textando: A Literatura a favor da reda\u00e7\u00e3o no ENEM&#8221;. Uma iniciativa pensada para mostrar como a riqueza liter\u00e1ria pode ser uma poderosa aliada na constru\u00e7\u00e3o de textos nota mil para o Exame Nacional do Ensino M\u00e9dio (ENEM).<\/p>\n<p>O prefeito Luis Camargo, o Dr Camargo, esteve presente no evento, onde prestigiou o poeta e enalteceu a obra e o pensamento cr\u00edtico como instrumentos transformadores da sociedade. &#8220;Para n\u00f3s \u00e9 uma honra recebermos o S\u00e9rgio Vaz, que \u00e9 fundador da Cooperativa Cultural da Periferia e do Sarau da Cooperifa. Ele tamb\u00e9m \u00e9 autor de uma s\u00e9rie de poesias que transformam, verdadeiramente, palavras em pontes, conseguindo conectar cora\u00e7\u00f5es e mentes nas periferias de S\u00e3o Paulo e indo al\u00e9m. Ele tem ainda outro projeto interessant\u00edssimo, que \u00e9 a Semana de Arte Moderna da Periferia, inspirada no movimento art\u00edstico de mesmo nome que ocorreu em 1922. Enfim, muita coisa boa que o S\u00e9rgio, considerado tamb\u00e9m um dos 100 brasileiros mais influentes de 2009 pela revista \u00c9poca, tem realizado ao longo dos \u00faltimos anos, na Capital e por todo lugar por onde ele passa. Para n\u00f3s \u00e9 uma satisfa\u00e7\u00e3o t\u00ea-lo em Aruj\u00e1&#8221;, afirmou.<\/p>\n<p>O secret\u00e1rio de Cultura de Aruj\u00e1, Rog\u00e9rio da Padaria, comentou sobre a import\u00e2ncia dos jovens levarem suas demandas aos representantes p\u00fablicos, disse que o projeto veio da ideia de uma jovem e aproveitou para explicar detalhes da iniciativa: &#8220;Esse \u00e9 o lan\u00e7amento do projeto &#8216;Textando&#8217;. \u00c9 a literatura a favor da reda\u00e7\u00e3o do ENEM. Quem vai prestar o ENEM esse ano sabe a dificuldade de formular uma reda\u00e7\u00e3o. E, lembrando, est\u00e3o abertas as inscri\u00e7\u00f5es, de hoje (13) at\u00e9 o dia 20 no site da Prefeitura. As aulas v\u00e3o come\u00e7ar no dia 3 de junho, ent\u00e3o, inscrevam-se!&#8221;.<\/p>\n<p>Na ocasi\u00e3o, S\u00e9rgio Vaz contou como o h\u00e1bito da leitura de seu pai o fez ser quem \u00e9 hoje e discorreu sobre diversos temas abordados pelos estudantes, que puderam enviar questionamentos ao poeta. Ele tamb\u00e9m comentou sobre o fato de poder falar aos jovens arujaenses. &#8220;Estou muito feliz por estar aqui; \u00e9 uma honra&#8221;.<\/p>\n<p>Estiveram presentes, al\u00e9m do prefeito, a presidente da C\u00e2mara Municipal, Prof\u00aa Cris, os vereadores Professor Danilo, Divinei da Silva, Tiago Urs\u00e3o, Caio M\u00e3os Solid\u00e1rias, Renan de Aruj\u00e1, Juvenildo Barboza, Leandro Larini e Luciano Lima, assim como os secret\u00e1rios municipais de Cultura, Rog\u00e9rio da Padaria, e de Gabinete, Vin\u00edcius Dornelas, e mais de 80 alunos do Ensino M\u00e9dio.<\/p>\n","protected":false},"excerpt":{"rendered":"<p>A tarde desta ter\u00e7a-feira (13) ficou marcada para alunos do 3\u00b0 ano das Escolas Estaduais Maria Isabel e Rep\u00fablica Dominicana, que puderam apreciar a Poesia Com S\u00e9rgio Vaz, &#8220;O Poeta da Periferia&#8221;, no Anfiteatro Municipal, localizado na rua Perfeita Liberdade, 218, no Jardim \u00c2ngelo, onde mergulharam na for\u00e7a das palavras e na sensibilidade da arte [&hellip;]<\/p>\n","protected":false},"author":1,"featured_media":24890,"comment_status":"open","ping_status":"open","sticky":false,"template":"","format":"standard","meta":{"footnotes":""},"categories":[4],"tags":[],"class_list":{"0":"post-24889","1":"post","2":"type-post","3":"status-publish","4":"format-standard","5":"has-post-thumbnail","7":"category-aruja"},"_links":{"self":[{"href":"https:\/\/jm-metropole.com.br\/site\/wp-json\/wp\/v2\/posts\/24889","targetHints":{"allow":["GET"]}}],"collection":[{"href":"https:\/\/jm-metropole.com.br\/site\/wp-json\/wp\/v2\/posts"}],"about":[{"href":"https:\/\/jm-metropole.com.br\/site\/wp-json\/wp\/v2\/types\/post"}],"author":[{"embeddable":true,"href":"https:\/\/jm-metropole.com.br\/site\/wp-json\/wp\/v2\/users\/1"}],"replies":[{"embeddable":true,"href":"https:\/\/jm-metropole.com.br\/site\/wp-json\/wp\/v2\/comments?post=24889"}],"version-history":[{"count":1,"href":"https:\/\/jm-metropole.com.br\/site\/wp-json\/wp\/v2\/posts\/24889\/revisions"}],"predecessor-version":[{"id":24891,"href":"https:\/\/jm-metropole.com.br\/site\/wp-json\/wp\/v2\/posts\/24889\/revisions\/24891"}],"wp:featuredmedia":[{"embeddable":true,"href":"https:\/\/jm-metropole.com.br\/site\/wp-json\/wp\/v2\/media\/24890"}],"wp:attachment":[{"href":"https:\/\/jm-metropole.com.br\/site\/wp-json\/wp\/v2\/media?parent=24889"}],"wp:term":[{"taxonomy":"category","embeddable":true,"href":"https:\/\/jm-metropole.com.br\/site\/wp-json\/wp\/v2\/categories?post=24889"},{"taxonomy":"post_tag","embeddable":true,"href":"https:\/\/jm-metropole.com.br\/site\/wp-json\/wp\/v2\/tags?post=24889"}],"curies":[{"name":"wp","href":"https:\/\/api.w.org\/{rel}","templated":true}]}}