{"id":24883,"date":"2025-05-14T06:22:43","date_gmt":"2025-05-14T09:22:43","guid":{"rendered":"https:\/\/jm-metropole.com.br\/site\/?p=24883"},"modified":"2025-05-14T06:22:43","modified_gmt":"2025-05-14T09:22:43","slug":"caminhoes-sao-apreendidos-em-guarulhos-por-transporte-irregular-de-residuos","status":"publish","type":"post","link":"https:\/\/jm-metropole.com.br\/site\/caminhoes-sao-apreendidos-em-guarulhos-por-transporte-irregular-de-residuos\/","title":{"rendered":"Caminh\u00f5es s\u00e3o apreendidos em Guarulhos por transporte irregular de res\u00edduos"},"content":{"rendered":"<p>Uma opera\u00e7\u00e3o integrada realizada na noite de segunda-feira (12) pela Inspetoria Ambiental da Guarda Civil Municipal (GCM) de Guarulhos e por agentes da Secretaria de Servi\u00e7os P\u00fablicos (SSP) resultou na autua\u00e7\u00e3o e apreens\u00e3o de dois caminh\u00f5es por infra\u00e7\u00f5es ambientais na Vila Any.<\/p>\n<p>Os ve\u00edculos foram flagrados na esquina da Estrada do Cap\u00e3o Bonito com a passagem Dois realizando o transporte irregular de res\u00edduos. De acordo com a fiscaliza\u00e7\u00e3o, os respons\u00e1veis estavam operando sem o devido cadastramento junto ao \u00f3rg\u00e3o municipal respons\u00e1vel pela limpeza urbana, em descumprimento ao inciso V do artigo 7\u00ba da Lei Municipal n\u00ba 7.572\/2017 e ao inciso IX do Decreto n\u00ba 36.305\/2019.<\/p>\n<p>Al\u00e9m da aus\u00eancia de cadastro, os caminh\u00f5es circulavam fora do hor\u00e1rio permitido para esse tipo de atividade, que \u00e9 das 6h \u00e0s 18h, salvo autoriza\u00e7\u00e3o pr\u00e9via e fundamentada \u2013 o que n\u00e3o ocorreu neste caso.<\/p>\n<p>A infra\u00e7\u00e3o gerou autua\u00e7\u00f5es no valor aproximado de R$ 63 mil. Os caminh\u00f5es foram apreendidos e removidos ao p\u00e1tio de recolhimento da Prefeitura de Guarulhos.<\/p>\n<p>A a\u00e7\u00e3o refor\u00e7a o compromisso das autoridades municipais com a preserva\u00e7\u00e3o ambiental e o cumprimento da legisla\u00e7\u00e3o que regula o manejo de res\u00edduos s\u00f3lidos no munic\u00edpio.<\/p>\n","protected":false},"excerpt":{"rendered":"<p>Uma opera\u00e7\u00e3o integrada realizada na noite de segunda-feira (12) pela Inspetoria Ambiental da Guarda Civil Municipal (GCM) de Guarulhos e por agentes da Secretaria de Servi\u00e7os P\u00fablicos (SSP) resultou na autua\u00e7\u00e3o e apreens\u00e3o de dois caminh\u00f5es por infra\u00e7\u00f5es ambientais na Vila Any. Os ve\u00edculos foram flagrados na esquina da Estrada do Cap\u00e3o Bonito com a [&hellip;]<\/p>\n","protected":false},"author":1,"featured_media":24884,"comment_status":"open","ping_status":"open","sticky":false,"template":"","format":"standard","meta":{"footnotes":""},"categories":[3],"tags":[],"class_list":{"0":"post-24883","1":"post","2":"type-post","3":"status-publish","4":"format-standard","5":"has-post-thumbnail","7":"category-guarulhos"},"_links":{"self":[{"href":"https:\/\/jm-metropole.com.br\/site\/wp-json\/wp\/v2\/posts\/24883","targetHints":{"allow":["GET"]}}],"collection":[{"href":"https:\/\/jm-metropole.com.br\/site\/wp-json\/wp\/v2\/posts"}],"about":[{"href":"https:\/\/jm-metropole.com.br\/site\/wp-json\/wp\/v2\/types\/post"}],"author":[{"embeddable":true,"href":"https:\/\/jm-metropole.com.br\/site\/wp-json\/wp\/v2\/users\/1"}],"replies":[{"embeddable":true,"href":"https:\/\/jm-metropole.com.br\/site\/wp-json\/wp\/v2\/comments?post=24883"}],"version-history":[{"count":1,"href":"https:\/\/jm-metropole.com.br\/site\/wp-json\/wp\/v2\/posts\/24883\/revisions"}],"predecessor-version":[{"id":24885,"href":"https:\/\/jm-metropole.com.br\/site\/wp-json\/wp\/v2\/posts\/24883\/revisions\/24885"}],"wp:featuredmedia":[{"embeddable":true,"href":"https:\/\/jm-metropole.com.br\/site\/wp-json\/wp\/v2\/media\/24884"}],"wp:attachment":[{"href":"https:\/\/jm-metropole.com.br\/site\/wp-json\/wp\/v2\/media?parent=24883"}],"wp:term":[{"taxonomy":"category","embeddable":true,"href":"https:\/\/jm-metropole.com.br\/site\/wp-json\/wp\/v2\/categories?post=24883"},{"taxonomy":"post_tag","embeddable":true,"href":"https:\/\/jm-metropole.com.br\/site\/wp-json\/wp\/v2\/tags?post=24883"}],"curies":[{"name":"wp","href":"https:\/\/api.w.org\/{rel}","templated":true}]}}