{"id":24872,"date":"2025-05-13T16:47:11","date_gmt":"2025-05-13T19:47:11","guid":{"rendered":"https:\/\/jm-metropole.com.br\/site\/?p=24872"},"modified":"2025-05-13T16:47:11","modified_gmt":"2025-05-13T19:47:11","slug":"prefeitura-inicia-revitalizacao-de-canteiros-centrais-de-ruas-e-avenidas-da-cidade","status":"publish","type":"post","link":"https:\/\/jm-metropole.com.br\/site\/prefeitura-inicia-revitalizacao-de-canteiros-centrais-de-ruas-e-avenidas-da-cidade\/","title":{"rendered":"Prefeitura inicia revitaliza\u00e7\u00e3o de canteiros centrais de ruas e avenidas da cidade"},"content":{"rendered":"<p>A Prefeitura de Guarulhos, por meio da Secretaria de Administra\u00e7\u00f5es Regionais (SAR) iniciou nesta segunda-feira (13), um novo projeto que pretende dar mais seguran\u00e7a e agilidade para as equipes de ro\u00e7agem. Trata-se da revitaliza\u00e7\u00e3o de canteiros centrais de ruas e avenidas que ganhar\u00e3o uma vegeta\u00e7\u00e3o conhecida como \u201cAmendoim Forrageiro\u201d. As primeiras vias a receberem a planta foram a Estrada do Sacramento, no Pimentas, e a rua Professor Jos\u00e9 Munhoz, no Jardim Munhoz.<\/p>\n<p>De acordo com o t\u00e9cnico agr\u00edcola florestal da SAR, Wander Castro Martins, o Amendoim Forrageiro \u00e9 uma leguminosa bem adaptada a diversos tipos de solos, inclusive \u00e0queles considerados \u00e1cidos e ainda possui boa toler\u00e2ncia \u00e0 seca e ao sombreamento.<\/p>\n<p>Para plantar a vegeta\u00e7\u00e3o, a SAR utiliza a semente e tamb\u00e9m a muda da planta. A expectativa \u00e9 de que em at\u00e9 20 dias a esp\u00e9cie comece a eclodir e em 30 dias j\u00e1 tenha crescido.<\/p>\n<p>Giovanni Giudice Calderion, que comanda a SAR, contou que a vegeta\u00e7\u00e3o tamb\u00e9m foi plantada na sede da secretaria. Ele ressalta que, com a nova planta, as equipes que atuam na ro\u00e7agem sejam preservadas.<\/p>\n<p>\u201cHoje, por conta do mato alto, as equipes precisam sinalizar as ruas e avenidas para evitar acidentes, j\u00e1 com a nova vegeta\u00e7\u00e3o, o servi\u00e7o ficar\u00e1 muito mais f\u00e1cil j\u00e1 que ser\u00e1 feito apenas o refinamento da planta\u201d, ressaltou.<\/p>\n<p>O servi\u00e7o ser\u00e1 implementado, inicialmente, nos canteiros centrais de ruas e avenidas localizadas na regi\u00e3o central, na Vila Galv\u00e3o e no Cabu\u00e7u.<\/p>\n","protected":false},"excerpt":{"rendered":"<p>A Prefeitura de Guarulhos, por meio da Secretaria de Administra\u00e7\u00f5es Regionais (SAR) iniciou nesta segunda-feira (13), um novo projeto que pretende dar mais seguran\u00e7a e agilidade para as equipes de ro\u00e7agem. Trata-se da revitaliza\u00e7\u00e3o de canteiros centrais de ruas e avenidas que ganhar\u00e3o uma vegeta\u00e7\u00e3o conhecida como \u201cAmendoim Forrageiro\u201d. As primeiras vias a receberem a [&hellip;]<\/p>\n","protected":false},"author":1,"featured_media":24873,"comment_status":"open","ping_status":"open","sticky":false,"template":"","format":"standard","meta":{"footnotes":""},"categories":[3],"tags":[],"class_list":{"0":"post-24872","1":"post","2":"type-post","3":"status-publish","4":"format-standard","5":"has-post-thumbnail","7":"category-guarulhos"},"_links":{"self":[{"href":"https:\/\/jm-metropole.com.br\/site\/wp-json\/wp\/v2\/posts\/24872","targetHints":{"allow":["GET"]}}],"collection":[{"href":"https:\/\/jm-metropole.com.br\/site\/wp-json\/wp\/v2\/posts"}],"about":[{"href":"https:\/\/jm-metropole.com.br\/site\/wp-json\/wp\/v2\/types\/post"}],"author":[{"embeddable":true,"href":"https:\/\/jm-metropole.com.br\/site\/wp-json\/wp\/v2\/users\/1"}],"replies":[{"embeddable":true,"href":"https:\/\/jm-metropole.com.br\/site\/wp-json\/wp\/v2\/comments?post=24872"}],"version-history":[{"count":1,"href":"https:\/\/jm-metropole.com.br\/site\/wp-json\/wp\/v2\/posts\/24872\/revisions"}],"predecessor-version":[{"id":24874,"href":"https:\/\/jm-metropole.com.br\/site\/wp-json\/wp\/v2\/posts\/24872\/revisions\/24874"}],"wp:featuredmedia":[{"embeddable":true,"href":"https:\/\/jm-metropole.com.br\/site\/wp-json\/wp\/v2\/media\/24873"}],"wp:attachment":[{"href":"https:\/\/jm-metropole.com.br\/site\/wp-json\/wp\/v2\/media?parent=24872"}],"wp:term":[{"taxonomy":"category","embeddable":true,"href":"https:\/\/jm-metropole.com.br\/site\/wp-json\/wp\/v2\/categories?post=24872"},{"taxonomy":"post_tag","embeddable":true,"href":"https:\/\/jm-metropole.com.br\/site\/wp-json\/wp\/v2\/tags?post=24872"}],"curies":[{"name":"wp","href":"https:\/\/api.w.org\/{rel}","templated":true}]}}