{"id":24869,"date":"2025-05-13T16:46:19","date_gmt":"2025-05-13T19:46:19","guid":{"rendered":"https:\/\/jm-metropole.com.br\/site\/?p=24869"},"modified":"2025-05-13T16:46:19","modified_gmt":"2025-05-13T19:46:19","slug":"curta-metragem-sobre-aeroporto-de-guarulhos-tem-exibicao-gratuita-no-cine-bento","status":"publish","type":"post","link":"https:\/\/jm-metropole.com.br\/site\/curta-metragem-sobre-aeroporto-de-guarulhos-tem-exibicao-gratuita-no-cine-bento\/","title":{"rendered":"Curta-metragem sobre Aeroporto de Guarulhos tem exibi\u00e7\u00e3o gratuita no Cine Bento"},"content":{"rendered":"<p>O Cine Bento exibe na pr\u00f3xima ter\u00e7a-feira (20) o curta-metragem Contando Avi\u00f5es, cuja hist\u00f3ria gira em torno do Aeroporto Internacional de S\u00e3o Paulo, em Guarulhos. A exibi\u00e7\u00e3o \u00e9 gratuita e acontece \u00e0s 19h no Teatro Padre Bento, no Jardim Tranquilidade.<\/p>\n<p>Produzido pelo coletivo Kinof\u00e9rico, o curta conta a hist\u00f3ria de tr\u00eas personagens: Tereza que pensa s\u00f3 em Maru e Maru que s\u00f3 pensa em Anaya, enquanto os sonhos voam perto do aeroporto. Tr\u00eas tempos e tr\u00eas mundos que se encontram e revelam como pol\u00edtica, amor e espiritualidade se entrela\u00e7am.<\/p>\n<p>Produzido por Wesley Gabriel, o WG, e Giovanna Azevedo, \u201cContando Avi\u00f5es\u201d foi roteirizado e dirigido pelo cineasta F\u00e1bio Rodrigo, que atua como diretor em diversas produ\u00e7\u00f5es globais e, no momento, integra o quadro de diretores da novela \u201cVale Tudo\u201d.<\/p>\n<p>A produ\u00e7\u00e3o do filme contou ainda com a participa\u00e7\u00e3o de alunos em forma\u00e7\u00e3o das oficinas de cinema oferecidas pelo coletivo Kinof\u00e9rico, uma produ\u00e7\u00e3o realizada atrav\u00e9s de edital do Funcultura, com recursos da Lei Aldir Blanc.<\/p>\n<p>Servi\u00e7o<\/p>\n<p>O Teatro Padre Bento fica na rua Francisco Foot, 3 &#8211; Jardim Tranquilidade.<br \/>\nFicha t\u00e9cnica<br \/>\nDire\u00e7\u00e3o e roteiro: F\u00e1bio Rodrigo<br \/>\nImagem\/ Fotografia: Wesley Gabriel, William Gomes<br \/>\nColoriza\u00e7\u00e3o: Marcelo Rodriguez<br \/>\nSom\/ Capta\u00e7\u00e3o: Juliana Santana, Eduardo Campos<br \/>\nDesenho de som: Daniele Dantas<br \/>\nDire\u00e7\u00e3o de arte: Karoline Almeida, Let\u00edcia Alves<br \/>\nProdu\u00e7\u00e3o: Wesley Gabriel, Giovanna Azevedo<br \/>\nMontagem: Caroline Neves<br \/>\nElenco: Timm Ariff, Cellia Nascimento, Fernanda Viacava<br \/>\nProdu\u00e7\u00e3o: Coletivo Kinof\u00e9rico, Ira Negra Filmes do Gueto para o Gueto<\/p>\n","protected":false},"excerpt":{"rendered":"<p>O Cine Bento exibe na pr\u00f3xima ter\u00e7a-feira (20) o curta-metragem Contando Avi\u00f5es, cuja hist\u00f3ria gira em torno do Aeroporto Internacional de S\u00e3o Paulo, em Guarulhos. A exibi\u00e7\u00e3o \u00e9 gratuita e acontece \u00e0s 19h no Teatro Padre Bento, no Jardim Tranquilidade. Produzido pelo coletivo Kinof\u00e9rico, o curta conta a hist\u00f3ria de tr\u00eas personagens: Tereza que pensa [&hellip;]<\/p>\n","protected":false},"author":1,"featured_media":24870,"comment_status":"open","ping_status":"open","sticky":false,"template":"","format":"standard","meta":{"footnotes":""},"categories":[3],"tags":[],"class_list":{"0":"post-24869","1":"post","2":"type-post","3":"status-publish","4":"format-standard","5":"has-post-thumbnail","7":"category-guarulhos"},"_links":{"self":[{"href":"https:\/\/jm-metropole.com.br\/site\/wp-json\/wp\/v2\/posts\/24869","targetHints":{"allow":["GET"]}}],"collection":[{"href":"https:\/\/jm-metropole.com.br\/site\/wp-json\/wp\/v2\/posts"}],"about":[{"href":"https:\/\/jm-metropole.com.br\/site\/wp-json\/wp\/v2\/types\/post"}],"author":[{"embeddable":true,"href":"https:\/\/jm-metropole.com.br\/site\/wp-json\/wp\/v2\/users\/1"}],"replies":[{"embeddable":true,"href":"https:\/\/jm-metropole.com.br\/site\/wp-json\/wp\/v2\/comments?post=24869"}],"version-history":[{"count":1,"href":"https:\/\/jm-metropole.com.br\/site\/wp-json\/wp\/v2\/posts\/24869\/revisions"}],"predecessor-version":[{"id":24871,"href":"https:\/\/jm-metropole.com.br\/site\/wp-json\/wp\/v2\/posts\/24869\/revisions\/24871"}],"wp:featuredmedia":[{"embeddable":true,"href":"https:\/\/jm-metropole.com.br\/site\/wp-json\/wp\/v2\/media\/24870"}],"wp:attachment":[{"href":"https:\/\/jm-metropole.com.br\/site\/wp-json\/wp\/v2\/media?parent=24869"}],"wp:term":[{"taxonomy":"category","embeddable":true,"href":"https:\/\/jm-metropole.com.br\/site\/wp-json\/wp\/v2\/categories?post=24869"},{"taxonomy":"post_tag","embeddable":true,"href":"https:\/\/jm-metropole.com.br\/site\/wp-json\/wp\/v2\/tags?post=24869"}],"curies":[{"name":"wp","href":"https:\/\/api.w.org\/{rel}","templated":true}]}}