{"id":24862,"date":"2025-05-13T11:31:49","date_gmt":"2025-05-13T14:31:49","guid":{"rendered":"https:\/\/jm-metropole.com.br\/site\/?p=24862"},"modified":"2025-05-13T11:31:49","modified_gmt":"2025-05-13T14:31:49","slug":"em-itaqua-reforma-das-ubss-centro-e-recanto-monica-entram-na-reta-final","status":"publish","type":"post","link":"https:\/\/jm-metropole.com.br\/site\/em-itaqua-reforma-das-ubss-centro-e-recanto-monica-entram-na-reta-final\/","title":{"rendered":"Em Itaqu\u00e1, reforma das UBSs Centro e Recanto M\u00f4nica entram na reta final"},"content":{"rendered":"<p>Trabalho envolve moderniza\u00e7\u00e3o e melhorias estruturais<\/p>\n<p>As Unidades B\u00e1sicas de Sa\u00fade (UBSs) Recanto M\u00f4nica e Centro, em Itaquaquecetuba, est\u00e3o em fase final de revitaliza\u00e7\u00e3o. Os trabalhos envolvem a reforma estrutural, informatiza\u00e7\u00e3o e moderniza\u00e7\u00e3o dos ambientes para garantir um atendimento acolhedor, eficiente e respeitoso \u00e0 popula\u00e7\u00e3o.<\/p>\n<p>A UBS Recanto M\u00f4nica j\u00e1 alcan\u00e7ou 90% de conclus\u00e3o. Atualmente, os servi\u00e7os est\u00e3o focados na instala\u00e7\u00e3o da marcenaria, incluindo m\u00f3veis, acabamento da rampa de acesso principal e implanta\u00e7\u00e3o da nova comunica\u00e7\u00e3o visual.<\/p>\n<p>\u201cA moderniza\u00e7\u00e3o das unidades \u00e9 um passo fundamental para oferecer um atendimento digno e humanizado aos moradores. Seguimos com as obras a todo vapor\u201d, afirmou o secret\u00e1rio de Sa\u00fade, Gabriel Rocha.<\/p>\n<p>J\u00e1 a UBS Centro est\u00e1 com 80% das interven\u00e7\u00f5es finalizadas, faltando a instala\u00e7\u00e3o da marcenaria, constru\u00e7\u00e3o de floreiras no estacionamento, pintura geral e instala\u00e7\u00e3o da comunica\u00e7\u00e3o visual.<\/p>\n<p>\u201cO objetivo \u00e9 transformar nossas UBSs em espa\u00e7os modernos e preparados para a popula\u00e7\u00e3o. S\u00e3o unidades que ser\u00e3o refer\u00eancia tanto de atendimento quanto de infraestrutura\u201d, finalizou o prefeito Eduardo Boigues.<\/p>\n<p>Fotos: Dayane Oliveira<\/p>\n","protected":false},"excerpt":{"rendered":"<p>Trabalho envolve moderniza\u00e7\u00e3o e melhorias estruturais As Unidades B\u00e1sicas de Sa\u00fade (UBSs) Recanto M\u00f4nica e Centro, em Itaquaquecetuba, est\u00e3o em fase final de revitaliza\u00e7\u00e3o. Os trabalhos envolvem a reforma estrutural, informatiza\u00e7\u00e3o e moderniza\u00e7\u00e3o dos ambientes para garantir um atendimento acolhedor, eficiente e respeitoso \u00e0 popula\u00e7\u00e3o. A UBS Recanto M\u00f4nica j\u00e1 alcan\u00e7ou 90% de conclus\u00e3o. Atualmente, [&hellip;]<\/p>\n","protected":false},"author":1,"featured_media":24863,"comment_status":"open","ping_status":"open","sticky":false,"template":"","format":"standard","meta":{"footnotes":""},"categories":[6],"tags":[],"class_list":{"0":"post-24862","1":"post","2":"type-post","3":"status-publish","4":"format-standard","5":"has-post-thumbnail","7":"category-itaqua"},"_links":{"self":[{"href":"https:\/\/jm-metropole.com.br\/site\/wp-json\/wp\/v2\/posts\/24862","targetHints":{"allow":["GET"]}}],"collection":[{"href":"https:\/\/jm-metropole.com.br\/site\/wp-json\/wp\/v2\/posts"}],"about":[{"href":"https:\/\/jm-metropole.com.br\/site\/wp-json\/wp\/v2\/types\/post"}],"author":[{"embeddable":true,"href":"https:\/\/jm-metropole.com.br\/site\/wp-json\/wp\/v2\/users\/1"}],"replies":[{"embeddable":true,"href":"https:\/\/jm-metropole.com.br\/site\/wp-json\/wp\/v2\/comments?post=24862"}],"version-history":[{"count":1,"href":"https:\/\/jm-metropole.com.br\/site\/wp-json\/wp\/v2\/posts\/24862\/revisions"}],"predecessor-version":[{"id":24864,"href":"https:\/\/jm-metropole.com.br\/site\/wp-json\/wp\/v2\/posts\/24862\/revisions\/24864"}],"wp:featuredmedia":[{"embeddable":true,"href":"https:\/\/jm-metropole.com.br\/site\/wp-json\/wp\/v2\/media\/24863"}],"wp:attachment":[{"href":"https:\/\/jm-metropole.com.br\/site\/wp-json\/wp\/v2\/media?parent=24862"}],"wp:term":[{"taxonomy":"category","embeddable":true,"href":"https:\/\/jm-metropole.com.br\/site\/wp-json\/wp\/v2\/categories?post=24862"},{"taxonomy":"post_tag","embeddable":true,"href":"https:\/\/jm-metropole.com.br\/site\/wp-json\/wp\/v2\/tags?post=24862"}],"curies":[{"name":"wp","href":"https:\/\/api.w.org\/{rel}","templated":true}]}}