{"id":24859,"date":"2025-05-13T11:30:30","date_gmt":"2025-05-13T14:30:30","guid":{"rendered":"https:\/\/jm-metropole.com.br\/site\/?p=24859"},"modified":"2025-05-13T11:30:30","modified_gmt":"2025-05-13T14:30:30","slug":"confira-as-selecoes-de-emprego-da-semana-em-itaqua-8","status":"publish","type":"post","link":"https:\/\/jm-metropole.com.br\/site\/confira-as-selecoes-de-emprego-da-semana-em-itaqua-8\/","title":{"rendered":"Confira as sele\u00e7\u00f5es de emprego da semana em Itaqu\u00e1"},"content":{"rendered":"<p>Vagas s\u00e3o para candidatos com 18 anos ou mais<\/p>\n<p>O programa Itaqu\u00e1 Mais Emprego realizar\u00e1 cinco sele\u00e7\u00f5es para o preenchimento de vagas nesta semana. Come\u00e7ando na ter\u00e7a-feira (13), \u00e0s 10h, para os cargos de ajudante geral com ensino m\u00e9dio e costureira com fundamental completo, ambos com experi\u00eancia.<\/p>\n<p>Na quarta (14), \u00e0s 9h, ocorre a sele\u00e7\u00e3o para a vaga de armazenista, sem necessidade de experi\u00eancia, e marceneiro, com experi\u00eancia. Ambas exigem ensino m\u00e9dio.<\/p>\n<p>No mesmo dia, \u00e0s 10h, as oportunidades s\u00e3o para operador de teleatendimento, auxiliar de limpeza, fiscal de piso e l\u00edder de limpeza com ensino m\u00e9dio. \u00c9 necess\u00e1rio experi\u00eancia, exceto para operar com teleatendimento.<\/p>\n<p>Na quinta (15), \u00e0s 10h, ser\u00e1 para motorista com CNH D, pedreiro, servente de pedreiro, assistente de garantia de qualidade e auxiliares de planejamento e controle de manuten\u00e7\u00e3o, controle de qualidade, financeiro, vendas, produ\u00e7\u00e3o, marketing e expedi\u00e7\u00e3o, com experi\u00eancia e ensino m\u00e9dio.<\/p>\n<p>J\u00e1 na sexta-feira (16), \u00e0s 10h, a vaga \u00e9 para inspetor de qualidade com experi\u00eancia e ensino m\u00e9dio. Para participar de qualquer uma das sele\u00e7\u00f5es \u00e9 necess\u00e1rio ir \u00e0 rua Dom Thomaz Frey, 89 \u2013 Centro com RG, CPF, curr\u00edculo impresso e caneta.<\/p>\n<p>Fotos: Eduardo Borges<\/p>\n","protected":false},"excerpt":{"rendered":"<p>Vagas s\u00e3o para candidatos com 18 anos ou mais O programa Itaqu\u00e1 Mais Emprego realizar\u00e1 cinco sele\u00e7\u00f5es para o preenchimento de vagas nesta semana. Come\u00e7ando na ter\u00e7a-feira (13), \u00e0s 10h, para os cargos de ajudante geral com ensino m\u00e9dio e costureira com fundamental completo, ambos com experi\u00eancia. Na quarta (14), \u00e0s 9h, ocorre a sele\u00e7\u00e3o [&hellip;]<\/p>\n","protected":false},"author":1,"featured_media":24860,"comment_status":"open","ping_status":"open","sticky":false,"template":"","format":"standard","meta":{"footnotes":""},"categories":[6],"tags":[],"class_list":{"0":"post-24859","1":"post","2":"type-post","3":"status-publish","4":"format-standard","5":"has-post-thumbnail","7":"category-itaqua"},"_links":{"self":[{"href":"https:\/\/jm-metropole.com.br\/site\/wp-json\/wp\/v2\/posts\/24859","targetHints":{"allow":["GET"]}}],"collection":[{"href":"https:\/\/jm-metropole.com.br\/site\/wp-json\/wp\/v2\/posts"}],"about":[{"href":"https:\/\/jm-metropole.com.br\/site\/wp-json\/wp\/v2\/types\/post"}],"author":[{"embeddable":true,"href":"https:\/\/jm-metropole.com.br\/site\/wp-json\/wp\/v2\/users\/1"}],"replies":[{"embeddable":true,"href":"https:\/\/jm-metropole.com.br\/site\/wp-json\/wp\/v2\/comments?post=24859"}],"version-history":[{"count":1,"href":"https:\/\/jm-metropole.com.br\/site\/wp-json\/wp\/v2\/posts\/24859\/revisions"}],"predecessor-version":[{"id":24861,"href":"https:\/\/jm-metropole.com.br\/site\/wp-json\/wp\/v2\/posts\/24859\/revisions\/24861"}],"wp:featuredmedia":[{"embeddable":true,"href":"https:\/\/jm-metropole.com.br\/site\/wp-json\/wp\/v2\/media\/24860"}],"wp:attachment":[{"href":"https:\/\/jm-metropole.com.br\/site\/wp-json\/wp\/v2\/media?parent=24859"}],"wp:term":[{"taxonomy":"category","embeddable":true,"href":"https:\/\/jm-metropole.com.br\/site\/wp-json\/wp\/v2\/categories?post=24859"},{"taxonomy":"post_tag","embeddable":true,"href":"https:\/\/jm-metropole.com.br\/site\/wp-json\/wp\/v2\/tags?post=24859"}],"curies":[{"name":"wp","href":"https:\/\/api.w.org\/{rel}","templated":true}]}}