{"id":24856,"date":"2025-05-13T11:29:12","date_gmt":"2025-05-13T14:29:12","guid":{"rendered":"https:\/\/jm-metropole.com.br\/site\/?p=24856"},"modified":"2025-05-13T11:29:12","modified_gmt":"2025-05-13T14:29:12","slug":"deputados-andre-do-prado-e-marcio-alvino-visitam-santa-casa-de-santa-isabel-e-anunciam-novos-recursos-para-a-saude","status":"publish","type":"post","link":"https:\/\/jm-metropole.com.br\/site\/deputados-andre-do-prado-e-marcio-alvino-visitam-santa-casa-de-santa-isabel-e-anunciam-novos-recursos-para-a-saude\/","title":{"rendered":"Deputados Andr\u00e9 do Prado e Marcio Alvino visitam Santa Casa de Santa Isabel e anunciam novos recursos para a sa\u00fade"},"content":{"rendered":"<p>O presidente da Assembleia Legislativa de S\u00e3o Paulo, deputado Andr\u00e9 do Prado, e o deputado federal Marcio Alvino visitaram a Santa Casa de Santa Isabel, onde conheceram as obras da nova ala da unidade de sa\u00fade.<\/p>\n<p>Os parlamentares foram recebidos pelo provedor da Santa Casa, Benedito Machado, e pelo gerente administrativo, Alexandre Maia. A visita contou ainda com a presen\u00e7a das lideran\u00e7as locais Evaldo Barbosa, Cleb\u00e3o e do vereador Chico do Mercado.<\/p>\n<p>Juntos, os deputados j\u00e1 destinaram R$ 1 milh\u00e3o para o in\u00edcio das obras e anunciaram mais R$ 3 milh\u00f5es para viabilizar a constru\u00e7\u00e3o da nova estrutura, que ir\u00e1 ampliar e modernizar o atendimento na Santa Casa, refer\u00eancia para toda a regi\u00e3o.<\/p>\n<p>\u201cTemos compromisso com a Santa Casa. A sa\u00fade \u00e9 prioridade, e vamos seguir lutando, ao lado do povo de Santa Isabel, para garantir uma estrutura mais digna, moderna e acolhedora para quem mais precisa\u201d, afirmou o deputado Andr\u00e9 do Prado.<\/p>\n<p>O deputado federal Marcio Alvino tamb\u00e9m refor\u00e7ou seu compromisso com a cidade: \u201cSeguimos firmes, trabalhando com responsabilidade e dedica\u00e7\u00e3o para garantir uma sa\u00fade p\u00fablica cada vez melhor para Santa Isabel e toda a regi\u00e3o\u201d, completou.<\/p>\n<p>A nova ala em constru\u00e7\u00e3o ser\u00e1 destinada ao setor de exames de imagem e ampliar\u00e1 a capacidade de atendimento \u00e0 popula\u00e7\u00e3o. Durante a visita, a diretoria da Santa Casa apresentou aos parlamentares o amplo projeto de moderniza\u00e7\u00e3o do pr\u00e9dio.<\/p>\n<p>Visitas \u00e0s institui\u00e7\u00f5es sociais e educacionais<\/p>\n<p>Os deputados tamb\u00e9m visitaram o Lar dos Velhinhos Prof\u00aa Laura Fr\u00fagoli e o Lar S\u00e3o Vicente de Paulo.<\/p>\n<p>\u201cJuntos, eu e o deputado Andr\u00e9 j\u00e1 destinamos mais de R$ 800 mil em recursos para fortalecer o trabalho que essas institui\u00e7\u00f5es realizam com tanto amor e responsabilidade \u2014 R$ 410 mil para o Lar dos Velhinhos Prof\u00aa Laura Fr\u00fagoli e R$ 390 mil para o Lar S\u00e3o Vicente de Paulo. E seguiremos trabalhando para garantir ainda mais apoio\u201d, destacou Marcio Alvino.<\/p>\n<p>A agenda em Santa Isabel foi conclu\u00edda com uma visita \u00e0 Escola T\u00e9cnica Estadual (Etec) local, onde os parlamentares conheceram a estrutura da unidade e se colocaram \u00e0 disposi\u00e7\u00e3o para colaborar com o desenvolvimento da educa\u00e7\u00e3o t\u00e9cnica na cidade.<\/p>\n","protected":false},"excerpt":{"rendered":"<p>O presidente da Assembleia Legislativa de S\u00e3o Paulo, deputado Andr\u00e9 do Prado, e o deputado federal Marcio Alvino visitaram a Santa Casa de Santa Isabel, onde conheceram as obras da nova ala da unidade de sa\u00fade. Os parlamentares foram recebidos pelo provedor da Santa Casa, Benedito Machado, e pelo gerente administrativo, Alexandre Maia. A visita [&hellip;]<\/p>\n","protected":false},"author":1,"featured_media":24857,"comment_status":"open","ping_status":"open","sticky":false,"template":"","format":"standard","meta":{"footnotes":""},"categories":[5],"tags":[],"class_list":{"0":"post-24856","1":"post","2":"type-post","3":"status-publish","4":"format-standard","5":"has-post-thumbnail","7":"category-santa-isabel"},"_links":{"self":[{"href":"https:\/\/jm-metropole.com.br\/site\/wp-json\/wp\/v2\/posts\/24856","targetHints":{"allow":["GET"]}}],"collection":[{"href":"https:\/\/jm-metropole.com.br\/site\/wp-json\/wp\/v2\/posts"}],"about":[{"href":"https:\/\/jm-metropole.com.br\/site\/wp-json\/wp\/v2\/types\/post"}],"author":[{"embeddable":true,"href":"https:\/\/jm-metropole.com.br\/site\/wp-json\/wp\/v2\/users\/1"}],"replies":[{"embeddable":true,"href":"https:\/\/jm-metropole.com.br\/site\/wp-json\/wp\/v2\/comments?post=24856"}],"version-history":[{"count":1,"href":"https:\/\/jm-metropole.com.br\/site\/wp-json\/wp\/v2\/posts\/24856\/revisions"}],"predecessor-version":[{"id":24858,"href":"https:\/\/jm-metropole.com.br\/site\/wp-json\/wp\/v2\/posts\/24856\/revisions\/24858"}],"wp:featuredmedia":[{"embeddable":true,"href":"https:\/\/jm-metropole.com.br\/site\/wp-json\/wp\/v2\/media\/24857"}],"wp:attachment":[{"href":"https:\/\/jm-metropole.com.br\/site\/wp-json\/wp\/v2\/media?parent=24856"}],"wp:term":[{"taxonomy":"category","embeddable":true,"href":"https:\/\/jm-metropole.com.br\/site\/wp-json\/wp\/v2\/categories?post=24856"},{"taxonomy":"post_tag","embeddable":true,"href":"https:\/\/jm-metropole.com.br\/site\/wp-json\/wp\/v2\/tags?post=24856"}],"curies":[{"name":"wp","href":"https:\/\/api.w.org\/{rel}","templated":true}]}}